{"id":5877,"date":"2007-12-01T21:06:00","date_gmt":"2007-12-01T20:06:00","guid":{"rendered":"http:\/\/www.andreas-edler.de\/blog\/2007\/12\/weihnachtsmarkt-eidinghausen\/"},"modified":"2007-12-01T21:06:00","modified_gmt":"2007-12-01T20:06:00","slug":"weihnachtsmarkt-eidinghausen","status":"publish","type":"post","link":"https:\/\/www.andreas-edler.de\/blog\/2007\/12\/weihnachtsmarkt-eidinghausen\/","title":{"rendered":"Weihnachtsmarkt Eidinghausen"},"content":{"rendered":"<div class=\"bild\"><img decoding=\"async\" src=\"http:\/\/www.andreas-edler.de\/grafik\/blog_2007\/20071201_trekker_karussell.jpg\" width=\"250\" border=\"0\" alt=\"\"><\/div>\n<p>Alex hat heute nachmittag auf dem Weihnachtsmarkt in Eidinghausen gestanden und Kuchen verkauft. Eigentlich nicht auf dem Markt, sondern am Stand des Kindergartens im Eidinghausener B\u00fcrgerhaus. Und nachdem ihre Schicht beendet war, sind der Tim und ich auch zum Ortskern gepilgert, um dann zusammen einmal in die Runde zu schlendern.<\/p>\n<p>Der Markt ist zwar recht klein, aber an den zwei Tagen deutlich &#8222;weihnachtlicher&#8220; als das, was in Bad Oeynhausens Innenstadt unter Weihnachtsmarkt firmiert. Die Leute fr\u00f6hlich (und es sind welche da!), die St\u00e4nde sch\u00f6n am Rand der Wege, damit man auch dazwischen durch &#8211; und nicht wie in der Klostergasse au\u00dfenrum &#8211; gehen kann. Schick beleuchtet und vor allen Dingen: nah beieinander und nicht so verstreut wie in der Stadtmitte.<\/p>\n<p>Tim musste zwei Runden warten, bis &#8222;sein&#8220; Trekker auf dem Karussell frei war und die Pommes danach h\u00e4tten etwas l\u00e4nger im \u00d6l bleiben d\u00fcrfen. Aber trotzdem ein sch\u00f6ner Nachmittag.<\/p>\n<p style=\"text-align:center;\"><img decoding=\"async\" src=\"http:\/\/www.andreas-edler.de\/grafik\/blog_2007\/20071201_weihnachtsmarkt_eidinghausen.jpg\" width=\"470\" border=\"0\" alt=\"\"><\/p>\n","protected":false},"excerpt":{"rendered":"<p>Alex hat heute nachmittag auf dem Weihnachtsmarkt in Eidinghausen gestanden und Kuchen verkauft. Eigentlich nicht auf dem Markt, sondern am Stand des Kindergartens im Eidinghausener B\u00fcrgerhaus. Und nachdem ihre Schicht beendet war, sind der Tim und ich auch zum Ortskern &hellip;<\/p>\n<p class=\"read-more\"> <a class=\"more-link\" href=\"https:\/\/www.andreas-edler.de\/blog\/2007\/12\/weihnachtsmarkt-eidinghausen\/\"> <span class=\"screen-reader-text\">Weihnachtsmarkt Eidinghausen<\/span> Weiterlesen &raquo;<\/a><\/p>\n","protected":false},"author":1,"featured_media":0,"comment_status":"open","ping_status":"open","sticky":false,"template":"","format":"standard","meta":{"ngg_post_thumbnail":0,"activitypub_content_warning":"","activitypub_content_visibility":"","activitypub_max_image_attachments":2,"activitypub_interaction_policy_quote":"anyone","activitypub_status":"","footnotes":""},"categories":[14],"tags":[17,21],"class_list":["post-5877","post","type-post","status-publish","format-standard","hentry","category-bad-oeynhausen","tag-auf-der-piste","tag-feier"],"share_on_mastodon":{"url":"","error":""},"_links":{"self":[{"href":"https:\/\/www.andreas-edler.de\/blog\/wp-json\/wp\/v2\/posts\/5877","targetHints":{"allow":["GET"]}}],"collection":[{"href":"https:\/\/www.andreas-edler.de\/blog\/wp-json\/wp\/v2\/posts"}],"about":[{"href":"https:\/\/www.andreas-edler.de\/blog\/wp-json\/wp\/v2\/types\/post"}],"author":[{"embeddable":true,"href":"https:\/\/www.andreas-edler.de\/blog\/wp-json\/wp\/v2\/users\/1"}],"replies":[{"embeddable":true,"href":"https:\/\/www.andreas-edler.de\/blog\/wp-json\/wp\/v2\/comments?post=5877"}],"version-history":[{"count":0,"href":"https:\/\/www.andreas-edler.de\/blog\/wp-json\/wp\/v2\/posts\/5877\/revisions"}],"wp:attachment":[{"href":"https:\/\/www.andreas-edler.de\/blog\/wp-json\/wp\/v2\/media?parent=5877"}],"wp:term":[{"taxonomy":"category","embeddable":true,"href":"https:\/\/www.andreas-edler.de\/blog\/wp-json\/wp\/v2\/categories?post=5877"},{"taxonomy":"post_tag","embeddable":true,"href":"https:\/\/www.andreas-edler.de\/blog\/wp-json\/wp\/v2\/tags?post=5877"}],"curies":[{"name":"wp","href":"https:\/\/api.w.org\/{rel}","templated":true}]}}