{"id":5874,"date":"2007-11-29T22:38:00","date_gmt":"2007-11-29T21:38:00","guid":{"rendered":"http:\/\/www.andreas-edler.de\/blog\/2007\/11\/rechteinhaber\/"},"modified":"2007-11-29T22:38:00","modified_gmt":"2007-11-29T21:38:00","slug":"rechteinhaber","status":"publish","type":"post","link":"https:\/\/www.andreas-edler.de\/blog\/2007\/11\/rechteinhaber\/","title":{"rendered":"Rechteinhaber"},"content":{"rendered":"<p>Bin ich zu doof, zu verstehen, <a href=\"http:\/\/www.golem.de\/0711\/56179.html\">was der Bundesrat da will<\/a>?<\/p>\n<div class=\"postzitat\"><b><a href=\"http:\/\/www.golem.de\/0711\/56179.html\">Networld \/ 26.11.2007 \/ 14:56<\/a><\/b><br \/>&#8230; Dem Bundesrat geht es vor allem darum, Rechteinhabern wie der Musik- oder Filmindustrie den Zugriff auf die auf Vorrat gespeicherten Kommunikationsdaten zu erm\u00f6glichen &#8230; W\u00e4hrend der Bundestag den Zugriff auf gespeicherte Daten grunds\u00e4tzlich auf die Erteilung von Ausk\u00fcnften f\u00fcr hoheitliche Zwecke beschr\u00e4nken will, dr\u00e4ngen die L\u00e4nder darauf, die Daten auch Rechteinhabern zur Verf\u00fcgung zu stellen. Diese sollen einen zivilrechtlichen Auskunftsanspruch gegen\u00fcber Internet-Providern erhalten, also ohne Einschaltung der Staatsanwaltschaft die Daten von Internetnutzern bei deren Providern abfragen k\u00f6nnen &#8230;<\/div>\n<p>Also die Daten, die jetzt 6 Monate auf Vorrat gespeichert werden, sollen an Irgendwen (denn Rechteinhaber ist <b>irgendwer<\/b>) herausgegeben werden, damit der damit machen k\u00f6nnen was er will? <\/p>\n<p>Denn wer &#8222;Rechteinhaber&#8220; ist, ist schwammig. Erw\u00e4hnt wird die Film- und Musikindustrie. Die darf laut dem Willen des Bundesrates also einfach kommen und sagen, gib mir mal dies und das. Und das wird dann einfach so gemacht? Ohne Ermittlung, ohne Einschaltung eines Richters, ohne Verdacht. Und sogar noch ganz unverhohlen um die Staatsanwaltschaften damit nicht mehr zu behelligen?<\/p>\n<p>Was sind denn das f\u00fcr Menschen, die da im Bundesrat sitzen und sich so einen riesengro\u00dfen Schwachsinn ausdenken? Marionetten des Geldes? Wenn ein Verdacht besteht dann wird angezeigt und dann kann ein Staatsanwalt und\/oder die Polizei anfangen t\u00e4tig zu werden. Und sonst gar nichts. Aber es kann nicht sein, dass einfach jemand daher kommt und sich Einsicht in meine privaten Daten verschaffen kann. War bei dieser Vorratsdatenspeicherung nicht mal was mit Terrorabwehr? Hat ja nicht lange gedauert, bis die eigentlichen Gr\u00fcnde offenbar werden &#8230; Bananenrepublik.<\/p>\n<p>Was kann man eigentlich dagegen machen, wenn die Leute, die ich f\u00fcrstlich daf\u00fcr bezahle mein Land halbwegs ordentlich zu f\u00fchren nicht mehr das machen, was ich will? Wenn sie ganz offensichtlich nicht mehr ihrem Auftrag folgen? Abw\u00e4hlen geht ja nicht &#8211; steht keine Wahl an. Es ist ganz schrecklich, einfach nur fassungslos dasitzen zu m\u00fcssen.<\/p>\n","protected":false},"excerpt":{"rendered":"<p>Bin ich zu doof, zu verstehen, was der Bundesrat da will? Networld \/ 26.11.2007 \/ 14:56&#8230; Dem Bundesrat geht es vor allem darum, Rechteinhabern wie der Musik- oder Filmindustrie den Zugriff auf die auf Vorrat gespeicherten Kommunikationsdaten zu erm\u00f6glichen &#8230; &hellip;<\/p>\n<p class=\"read-more\"> <a class=\"more-link\" href=\"https:\/\/www.andreas-edler.de\/blog\/2007\/11\/rechteinhaber\/\"> <span class=\"screen-reader-text\">Rechteinhaber<\/span> Weiterlesen &raquo;<\/a><\/p>\n","protected":false},"author":1,"featured_media":0,"comment_status":"open","ping_status":"open","sticky":false,"template":"","format":"standard","meta":{"ngg_post_thumbnail":0,"activitypub_content_warning":"","activitypub_content_visibility":"","activitypub_max_image_attachments":2,"activitypub_interaction_policy_quote":"anyone","activitypub_status":"","footnotes":""},"categories":[18,45],"tags":[23],"class_list":["post-5874","post","type-post","status-publish","format-standard","hentry","category-fraglich","category-politik","tag-medien"],"share_on_mastodon":{"url":"","error":""},"_links":{"self":[{"href":"https:\/\/www.andreas-edler.de\/blog\/wp-json\/wp\/v2\/posts\/5874","targetHints":{"allow":["GET"]}}],"collection":[{"href":"https:\/\/www.andreas-edler.de\/blog\/wp-json\/wp\/v2\/posts"}],"about":[{"href":"https:\/\/www.andreas-edler.de\/blog\/wp-json\/wp\/v2\/types\/post"}],"author":[{"embeddable":true,"href":"https:\/\/www.andreas-edler.de\/blog\/wp-json\/wp\/v2\/users\/1"}],"replies":[{"embeddable":true,"href":"https:\/\/www.andreas-edler.de\/blog\/wp-json\/wp\/v2\/comments?post=5874"}],"version-history":[{"count":0,"href":"https:\/\/www.andreas-edler.de\/blog\/wp-json\/wp\/v2\/posts\/5874\/revisions"}],"wp:attachment":[{"href":"https:\/\/www.andreas-edler.de\/blog\/wp-json\/wp\/v2\/media?parent=5874"}],"wp:term":[{"taxonomy":"category","embeddable":true,"href":"https:\/\/www.andreas-edler.de\/blog\/wp-json\/wp\/v2\/categories?post=5874"},{"taxonomy":"post_tag","embeddable":true,"href":"https:\/\/www.andreas-edler.de\/blog\/wp-json\/wp\/v2\/tags?post=5874"}],"curies":[{"name":"wp","href":"https:\/\/api.w.org\/{rel}","templated":true}]}}