{"id":5840,"date":"2007-11-09T19:04:00","date_gmt":"2007-11-09T18:04:00","guid":{"rendered":"http:\/\/www.andreas-edler.de\/blog\/2007\/11\/bali-therme-kurzurlaub\/"},"modified":"2007-11-09T19:04:00","modified_gmt":"2007-11-09T18:04:00","slug":"bali-therme-kurzurlaub","status":"publish","type":"post","link":"https:\/\/www.andreas-edler.de\/blog\/2007\/11\/bali-therme-kurzurlaub\/","title":{"rendered":"Bali-Therme Kurzurlaub"},"content":{"rendered":"<p>Ich hab&#8216; noch ein paar unverplante Tage Resturlaub und heute war ein idealer Tag f\u00fcr ein wenig Erholung. Kalt, na\u00df, windig &#8211; da geht man doch in die Sauna! Der Junge im Kindergarten und wir los Richtung Kurpark, wo das Bad Oeynhausener &#8222;Spa\u00dfbad&#8220; liegt. Unsere Eintrittskarten, die wir als es noch guenstig waren im Zehnerpack gekauft haben, gehen langsam zur Neige. F\u00fcr heute hatten wir aber noch zwei.<\/p>\n<p>Es war recht leer um 11 Uhr &#8211; sch\u00f6n, da m\u00fcssen wir uns die Saunen nicht mit den Partytieren teilen, die jeden Aufguss lautstark feiern. Einer der Gr\u00fcnde, warum wir letztlich nicht mehr im H2O in Herford waren. Wir hatten also meist alles f\u00fcr uns. Sehr entspannend. Ich bin zweimal auf den Liegen im Ausruhraum eingenickert. Und gleich geht&#8217;s ins Kino &#8230; :-)<\/p>\n","protected":false},"excerpt":{"rendered":"<p>Ich hab&#8216; noch ein paar unverplante Tage Resturlaub und heute war ein idealer Tag f\u00fcr ein wenig Erholung. Kalt, na\u00df, windig &#8211; da geht man doch in die Sauna! Der Junge im Kindergarten und wir los Richtung Kurpark, wo das &hellip;<\/p>\n<p class=\"read-more\"> <a class=\"more-link\" href=\"https:\/\/www.andreas-edler.de\/blog\/2007\/11\/bali-therme-kurzurlaub\/\"> <span class=\"screen-reader-text\">Bali-Therme Kurzurlaub<\/span> Weiterlesen &raquo;<\/a><\/p>\n","protected":false},"author":1,"featured_media":0,"comment_status":"open","ping_status":"open","sticky":false,"template":"","format":"standard","meta":{"ngg_post_thumbnail":0,"activitypub_content_warning":"","activitypub_content_visibility":"","activitypub_max_image_attachments":2,"activitypub_interaction_policy_quote":"anyone","activitypub_status":"","footnotes":""},"categories":[14],"tags":[8],"class_list":["post-5840","post","type-post","status-publish","format-standard","hentry","category-bad-oeynhausen","tag-klottenkram"],"share_on_mastodon":{"url":"","error":""},"_links":{"self":[{"href":"https:\/\/www.andreas-edler.de\/blog\/wp-json\/wp\/v2\/posts\/5840","targetHints":{"allow":["GET"]}}],"collection":[{"href":"https:\/\/www.andreas-edler.de\/blog\/wp-json\/wp\/v2\/posts"}],"about":[{"href":"https:\/\/www.andreas-edler.de\/blog\/wp-json\/wp\/v2\/types\/post"}],"author":[{"embeddable":true,"href":"https:\/\/www.andreas-edler.de\/blog\/wp-json\/wp\/v2\/users\/1"}],"replies":[{"embeddable":true,"href":"https:\/\/www.andreas-edler.de\/blog\/wp-json\/wp\/v2\/comments?post=5840"}],"version-history":[{"count":0,"href":"https:\/\/www.andreas-edler.de\/blog\/wp-json\/wp\/v2\/posts\/5840\/revisions"}],"wp:attachment":[{"href":"https:\/\/www.andreas-edler.de\/blog\/wp-json\/wp\/v2\/media?parent=5840"}],"wp:term":[{"taxonomy":"category","embeddable":true,"href":"https:\/\/www.andreas-edler.de\/blog\/wp-json\/wp\/v2\/categories?post=5840"},{"taxonomy":"post_tag","embeddable":true,"href":"https:\/\/www.andreas-edler.de\/blog\/wp-json\/wp\/v2\/tags?post=5840"}],"curies":[{"name":"wp","href":"https:\/\/api.w.org\/{rel}","templated":true}]}}