{"id":5801,"date":"2007-10-13T19:14:00","date_gmt":"2007-10-13T18:14:00","guid":{"rendered":"http:\/\/www.andreas-edler.de\/blog\/2007\/10\/wullacken\/"},"modified":"2013-11-02T15:18:29","modified_gmt":"2013-11-02T14:18:29","slug":"wullacken","status":"publish","type":"post","link":"https:\/\/www.andreas-edler.de\/blog\/2007\/10\/wullacken\/","title":{"rendered":"Wullacken"},"content":{"rendered":"<p><a href=\"http:\/\/www.andreas-edler.de\/2007\/10\/fr-kalte-tage.php\">Heute haben wir noch einmal 2 1\/2 H\u00e4nger geholt.<\/a> Waren auch etliche \u00c4ste von armesdicke dabei. Und aufgrund einer Festivit\u00e4t am gestrigen Abend, habe ich mich nach der in meinem Zustand geradezu unglaublichen Leistung des Aufladens, dazu entschieden, lieber nur zu s\u00e4gen, statt zu spalten. Ich war heute morgen nur K\u00e4se, Milch und Spucke, aber die frische Luft und die Arbeit haben mich tats\u00e4chlich schnell auf Vordermann gebracht. Trotzdem werde ich gleich nur gepflegt auf dem Sofa abh\u00e4ngen und die &#8222;gr\u00f6\u00dften Hits Made in Germany&#8220; \u00fcber mich ergehen lassen.<\/p>\n<p style=\"text-align:center;font-size: 70%;\"><img decoding=\"async\" src=\"http:\/\/www.andreas-edler.de\/grafik\/blog_2007\/20071013_holz_hacken.jpg\" width=\"470\" border=\"0\" alt=\"\"><br \/>Noch genug f\u00fcr n\u00e4chste woche zu tun!<\/p>\n","protected":false},"excerpt":{"rendered":"<p>Heute haben wir noch einmal 2 1\/2 H\u00e4nger geholt. Waren auch etliche \u00c4ste von armesdicke dabei. Und aufgrund einer Festivit\u00e4t am gestrigen Abend, habe ich mich nach der in meinem Zustand geradezu unglaublichen Leistung des Aufladens, dazu entschieden, lieber nur &hellip;<\/p>\n<p class=\"read-more\"> <a class=\"more-link\" href=\"https:\/\/www.andreas-edler.de\/blog\/2007\/10\/wullacken\/\"> <span class=\"screen-reader-text\">Wullacken<\/span> Weiterlesen &raquo;<\/a><\/p>\n","protected":false},"author":1,"featured_media":0,"comment_status":"open","ping_status":"open","sticky":false,"template":"","format":"standard","meta":{"ngg_post_thumbnail":0,"activitypub_content_warning":"","activitypub_content_visibility":"","activitypub_max_image_attachments":2,"activitypub_interaction_policy_quote":"anyone","activitypub_status":"","footnotes":""},"categories":[1],"tags":[48,12,38],"class_list":["post-5801","post","type-post","status-publish","format-standard","hentry","category-allgemein","tag-arbeit","tag-fernsehen","tag-haus"],"share_on_mastodon":{"url":"","error":""},"_links":{"self":[{"href":"https:\/\/www.andreas-edler.de\/blog\/wp-json\/wp\/v2\/posts\/5801","targetHints":{"allow":["GET"]}}],"collection":[{"href":"https:\/\/www.andreas-edler.de\/blog\/wp-json\/wp\/v2\/posts"}],"about":[{"href":"https:\/\/www.andreas-edler.de\/blog\/wp-json\/wp\/v2\/types\/post"}],"author":[{"embeddable":true,"href":"https:\/\/www.andreas-edler.de\/blog\/wp-json\/wp\/v2\/users\/1"}],"replies":[{"embeddable":true,"href":"https:\/\/www.andreas-edler.de\/blog\/wp-json\/wp\/v2\/comments?post=5801"}],"version-history":[{"count":0,"href":"https:\/\/www.andreas-edler.de\/blog\/wp-json\/wp\/v2\/posts\/5801\/revisions"}],"wp:attachment":[{"href":"https:\/\/www.andreas-edler.de\/blog\/wp-json\/wp\/v2\/media?parent=5801"}],"wp:term":[{"taxonomy":"category","embeddable":true,"href":"https:\/\/www.andreas-edler.de\/blog\/wp-json\/wp\/v2\/categories?post=5801"},{"taxonomy":"post_tag","embeddable":true,"href":"https:\/\/www.andreas-edler.de\/blog\/wp-json\/wp\/v2\/tags?post=5801"}],"curies":[{"name":"wp","href":"https:\/\/api.w.org\/{rel}","templated":true}]}}