{"id":5798,"date":"2007-10-10T06:48:00","date_gmt":"2007-10-10T05:48:00","guid":{"rendered":"http:\/\/www.andreas-edler.de\/blog\/2007\/10\/herman\/"},"modified":"2007-10-10T06:48:00","modified_gmt":"2007-10-10T05:48:00","slug":"herman","status":"publish","type":"post","link":"https:\/\/www.andreas-edler.de\/blog\/2007\/10\/herman\/","title":{"rendered":"Herman"},"content":{"rendered":"<p>Die Frau hat eine Meinung \u00fcber das Mutterbild, die ich mir sicher nicht zu eigen mache. Und ihre \u00c4u\u00dferung auf der Pressekonferenz, welche letztendlich zu ihrem Rausschmi\u00df beim NDR gef\u00fchrt hat, konnte ich gestern w\u00e4hrend der Sendung von Johannes B. Kerner leider auch nicht anders verstehen, als so wie sie von den Medien interpretiert wurde. Berechtigt dann auch die Frage, ob das so gemeint war und ob sie es so wiederholen w\u00fcrde. Hier hatte Frau Herman ausreichend Gelegenheit etwas gerade zu biegen. Teilweise hat Sie es meiner Meinung auch getan. Ihre Erkl\u00e4rung, die man sich m\u00fchselig zusammensuchte, dass n\u00e4mlich im Dritten Reich die Mutterwerte pervertiert und nicht zuletzt deshalb durch die 68er abgelehnt wurden, geht vielleicht gerade noch so durch &#8211; wenn es auch immer noch sehr eigenwillig ist. Das konnte man aus dem (auch dem langen) Originalzitat beim besten Willen nicht entnehmen. Und ehrlich gesagt, auch ihren vielen, vielen Worten in der Sendung konnte ich nicht entnehmen, was ihre eigentliche Intention ist.<\/p>\n<p>Leider haben auch Kerner und seine G\u00e4ste die Erkl\u00e4rung nicht akzeptiert. Besonders Kerner wollte offensichtlich eine Entschuldigung und startete eine peinliche Befragung, bei der Eva Herman nicht bereit war nachzugeben. Klug w\u00e4re gewesen, zuzugestehen, dass ihre \u00c4u\u00dferung sehr ung\u00fcnstig formuliert war und gut ist. Hat sie nicht getan, ihr Fehler.<\/p>\n<p>Allerdings frage ich mich, was Senta Berger, die nach eigenen Angaben zu dem speziellen Thema keine Informationen hatte, veranlasste derart arrogant und von oben herab zu reden? Und wer gab Margarete Schreinemakers die Lizenz, zu entscheiden &#8222;was geht und was nicht&#8220;? Sie hat das &#8222;gleichgeschaltet&#8220; nicht erkannt und erst lamentiert, nachdem es der Experte auf den Index setzte. In diesem Teil der Diskussion stimme ich Frau Herman teilweise zu. Sicher wurden damals sehr viele Begriffe verwendet, welche heute negativ belegt sind. Aber das ist &#8211; da hat sie Recht &#8211; ein Poblem unseres Landes, dass wir sofort berufsbetroffen sind, sobald irgendetwas  aus dieser Zeit erw\u00e4hnt wird. &#8222;Gleichgeschaltet&#8220; geh\u00f6rt offensichtlich dazu, mir pers\u00f6nlich war das z.B. nicht bewu\u00dft. Wo gibt es eigentlich eine Liste mit allen Worten, die man nicht benutzen darf? Oder wird das bei Bedarf festgelegt? <\/p>\n<p><a href=\"http:\/\/www.google.de\/search?hl=de&#038;q=site%3Aspiegel.de+gleichgeschaltet&#038;btnG=Google-Suche&#038;meta=\">Googelt man einmal danach<\/a> scheint es mir jedoch nicht so, dass es auf dem Index der absolut nicht zu verwendenden Worte steht (auch damit hat sie Recht). Hier so einen Zinnober zu veranstalten ist l\u00e4cherlich. Wenn der Experte sich daran hochzieht und Frau Schreinemakers darob beginnt zu hyperventilieren und wild mit dem Kopf zu sch\u00fctteln, dann wirft das ein ziemlich mieses Bild auf deren restliche Argumentation. Dass Eva Herman dann die Autobahnen erw\u00e4hnte war tats\u00e4chlich d\u00e4mlich. Nicht mehr mit dem &#8222;Experten&#8220; reden zu wollen, folgerichtig. Warum auch, es war eine inszenierte Demontage &#8211; auf die sie jedoch bereitwillig und sehenden Auges eingegangen ist. Eine schwache Vorstellung von allen Beteiligten.<\/p>\n<p>Mario Barth schien das alles \u00fcbrigens nicht zu interessieren, der freute sich erst, als er wieder Werbung f\u00fcr sein Programm machen durfte.<\/p>\n<p>[Update]<br \/><a href=\"http:\/\/www.spiegel.de\/kultur\/gesellschaft\/0,1518,510511,00.html\">Sch\u00f6ner Kommentar bei Spiegel.de<\/a><\/p>\n","protected":false},"excerpt":{"rendered":"<p>Die Frau hat eine Meinung \u00fcber das Mutterbild, die ich mir sicher nicht zu eigen mache. Und ihre \u00c4u\u00dferung auf der Pressekonferenz, welche letztendlich zu ihrem Rausschmi\u00df beim NDR gef\u00fchrt hat, konnte ich gestern w\u00e4hrend der Sendung von Johannes B. &hellip;<\/p>\n<p class=\"read-more\"> <a class=\"more-link\" href=\"https:\/\/www.andreas-edler.de\/blog\/2007\/10\/herman\/\"> <span class=\"screen-reader-text\">Herman<\/span> Weiterlesen &raquo;<\/a><\/p>\n","protected":false},"author":1,"featured_media":0,"comment_status":"open","ping_status":"open","sticky":false,"template":"","format":"standard","meta":{"ngg_post_thumbnail":0,"activitypub_content_warning":"","activitypub_content_visibility":"","activitypub_max_image_attachments":2,"activitypub_interaction_policy_quote":"anyone","activitypub_status":"","footnotes":""},"categories":[18,45],"tags":[12,23,59,19],"class_list":["post-5798","post","type-post","status-publish","format-standard","hentry","category-fraglich","category-politik","tag-fernsehen","tag-medien","tag-presse","tag-tagesgeschehen"],"share_on_mastodon":{"url":"","error":""},"_links":{"self":[{"href":"https:\/\/www.andreas-edler.de\/blog\/wp-json\/wp\/v2\/posts\/5798","targetHints":{"allow":["GET"]}}],"collection":[{"href":"https:\/\/www.andreas-edler.de\/blog\/wp-json\/wp\/v2\/posts"}],"about":[{"href":"https:\/\/www.andreas-edler.de\/blog\/wp-json\/wp\/v2\/types\/post"}],"author":[{"embeddable":true,"href":"https:\/\/www.andreas-edler.de\/blog\/wp-json\/wp\/v2\/users\/1"}],"replies":[{"embeddable":true,"href":"https:\/\/www.andreas-edler.de\/blog\/wp-json\/wp\/v2\/comments?post=5798"}],"version-history":[{"count":0,"href":"https:\/\/www.andreas-edler.de\/blog\/wp-json\/wp\/v2\/posts\/5798\/revisions"}],"wp:attachment":[{"href":"https:\/\/www.andreas-edler.de\/blog\/wp-json\/wp\/v2\/media?parent=5798"}],"wp:term":[{"taxonomy":"category","embeddable":true,"href":"https:\/\/www.andreas-edler.de\/blog\/wp-json\/wp\/v2\/categories?post=5798"},{"taxonomy":"post_tag","embeddable":true,"href":"https:\/\/www.andreas-edler.de\/blog\/wp-json\/wp\/v2\/tags?post=5798"}],"curies":[{"name":"wp","href":"https:\/\/api.w.org\/{rel}","templated":true}]}}