{"id":5789,"date":"2007-10-05T19:04:00","date_gmt":"2007-10-05T18:04:00","guid":{"rendered":"http:\/\/www.andreas-edler.de\/blog\/2007\/10\/lenne-karree\/"},"modified":"2007-10-05T19:04:00","modified_gmt":"2007-10-05T18:04:00","slug":"lenne-karree","status":"publish","type":"post","link":"https:\/\/www.andreas-edler.de\/blog\/2007\/10\/lenne-karree\/","title":{"rendered":"Lenn\u00e9-Karree"},"content":{"rendered":"<div class=\"bild\" style=\"font-size: 70%;\"><img decoding=\"async\" src=\"http:\/\/www.andreas-edler.de\/grafik\/blog_2007\/20071005_trattoria_ranno.jpg\" width=\"180\" border=\"0\" alt=\"\"><br \/>Lecker Tortellini<\/div>\n<p>Habe ich schon mal erw\u00e4hnt, dass man im <a href=\"http:\/\/www.lenne-karree.de\/\">Lenn\u00e9-Karre<\/a> ganz hervorragend zu Mittag essen kann? Z.B. bei <a href=\"http:\/\/www.lenne-karree.de\/essen_trinken.php\">Ranno<\/a> diesen leckeren Teller Tortellini f\u00fcr &#8217;n F\u00fcnfer? Und das war gar nicht wenig! Ist vielleicht sogar etwas sinnvoller, als sich f\u00fcr 2,30 Euro ein belegtes Br\u00f6tchen beim B\u00e4cker zu holen um danach noch eine Tafel Kinderschokolade nach zu schieben. Preislich jedenfalls ziemlich dicht beieinander &#8230;<\/p>\n","protected":false},"excerpt":{"rendered":"<p>Lecker Tortellini Habe ich schon mal erw\u00e4hnt, dass man im Lenn\u00e9-Karre ganz hervorragend zu Mittag essen kann? Z.B. bei Ranno diesen leckeren Teller Tortellini f\u00fcr &#8217;n F\u00fcnfer? Und das war gar nicht wenig! Ist vielleicht sogar etwas sinnvoller, als sich &hellip;<\/p>\n<p class=\"read-more\"> <a class=\"more-link\" href=\"https:\/\/www.andreas-edler.de\/blog\/2007\/10\/lenne-karree\/\"> <span class=\"screen-reader-text\">Lenn\u00e9-Karree<\/span> Weiterlesen &raquo;<\/a><\/p>\n","protected":false},"author":1,"featured_media":0,"comment_status":"open","ping_status":"open","sticky":false,"template":"","format":"standard","meta":{"ngg_post_thumbnail":0,"activitypub_content_warning":"","activitypub_content_visibility":"","activitypub_max_image_attachments":2,"activitypub_interaction_policy_quote":"anyone","activitypub_status":"","footnotes":""},"categories":[14],"tags":[8,5],"class_list":["post-5789","post","type-post","status-publish","format-standard","hentry","category-bad-oeynhausen","tag-klottenkram","tag-unterwegs"],"share_on_mastodon":{"url":"","error":""},"_links":{"self":[{"href":"https:\/\/www.andreas-edler.de\/blog\/wp-json\/wp\/v2\/posts\/5789","targetHints":{"allow":["GET"]}}],"collection":[{"href":"https:\/\/www.andreas-edler.de\/blog\/wp-json\/wp\/v2\/posts"}],"about":[{"href":"https:\/\/www.andreas-edler.de\/blog\/wp-json\/wp\/v2\/types\/post"}],"author":[{"embeddable":true,"href":"https:\/\/www.andreas-edler.de\/blog\/wp-json\/wp\/v2\/users\/1"}],"replies":[{"embeddable":true,"href":"https:\/\/www.andreas-edler.de\/blog\/wp-json\/wp\/v2\/comments?post=5789"}],"version-history":[{"count":0,"href":"https:\/\/www.andreas-edler.de\/blog\/wp-json\/wp\/v2\/posts\/5789\/revisions"}],"wp:attachment":[{"href":"https:\/\/www.andreas-edler.de\/blog\/wp-json\/wp\/v2\/media?parent=5789"}],"wp:term":[{"taxonomy":"category","embeddable":true,"href":"https:\/\/www.andreas-edler.de\/blog\/wp-json\/wp\/v2\/categories?post=5789"},{"taxonomy":"post_tag","embeddable":true,"href":"https:\/\/www.andreas-edler.de\/blog\/wp-json\/wp\/v2\/tags?post=5789"}],"curies":[{"name":"wp","href":"https:\/\/api.w.org\/{rel}","templated":true}]}}