{"id":5788,"date":"2007-10-04T22:16:00","date_gmt":"2007-10-04T21:16:00","guid":{"rendered":"http:\/\/www.andreas-edler.de\/blog\/2007\/10\/wieder-mal-radler-erwischt\/"},"modified":"2007-10-04T22:16:00","modified_gmt":"2007-10-04T21:16:00","slug":"wieder-mal-radler-erwischt","status":"publish","type":"post","link":"https:\/\/www.andreas-edler.de\/blog\/2007\/10\/wieder-mal-radler-erwischt\/","title":{"rendered":"Wieder mal Radler erwischt"},"content":{"rendered":"<p>Nur schreibt es die Polizei jetzt richtig pfiffig:<\/p>\n<div class=\"postzitat\"><b><a href=\"http:\/\/www.presseportal.de\/polizeipresse\/pm\/43553\/1059575\/polizei_minden_luebbecke\">Bad Oeynhauen-Werste (ots)<\/a><\/b> &#8230; Ein 73-j\u00e4hriger Mann fuhr mit seinem grauen Mazda in \u00f6stlicher Richtung und wollte nach rechts auf die Ringstra\u00dfe abbiegen. Ein unbekannter Radfahrer, der den s\u00fcdlichen Geh-\/Radweg der Bergkirchener Stra\u00dfe ebenfalls in \u00f6stlicher Richtung befuhr, fuhr jedoch nicht vor sondern hinter dem wartenden Mazda her. Dabei stie\u00df er gegen den PKW und entfernte sich &#8230;<\/div>\n<p> Erstmal frage ich mich, worauf und vor allen Dingen <b>*wo*<\/b> der KFZ-Treiber beim Rechtsabbiegen wartet. Der Radler ist hinter ihm auf dem Radweg gefahren, fuhr der Mazda vor ihm etwa auf dem Radweg? Oder stand der Mann mit seinem Auto auf dem Radweg herum? Warum sollte der Radfahrer vor dem Auto her fahren? Wartete der Mann darauf, dass der Radler vorbei fuhr? Das w\u00e4re ja mal wirklich vorbildlich &#8211; allerdings scheint er sich dann mit dem Wartepunkt ein wenig vertan zu haben, bzw. den Wagen nicht rechtzeitig zum Halten gebracht zu haben. Da erscheint mir die Beschreibung in der Pressemeldung doch arg d\u00fcnn &#8230;<\/p>\n<p>Ein anderer m\u00f6glich Ablauf w\u00e4re wie folgt: der Autofahrer \u00fcberholt den Radler, welcher langsamer als der Wagen auf dem Radweg fuhr, und  biegt dann &#8211; wie es mir in letzter Zeit auch schon des\u00f6fteren passiert ist &#8211; einfach vor ihm ab. Sehr wahrscheinlich konnte der Radfahrer dann nicht mehr bremsen und rammte den Wagen. War er wirklich so jung, wusste er wahrscheinlich nicht, dass er den Autofahrer dann besser anzeigen sollte, statt abzuhauen. Er hatte garantiert f\u00fcrchterliche Angst und ist dann gefl\u00fcchtet. Kann der PKW-Fahrer doch noch froh sein, dass er nur seinen Schaden bezahlen mu\u00df!<\/p>\n<p>Und dann, wie verursacht man mit einem Rad, mit dem man dann weiterfahren kann, einen Schaden i.H.v. 1.500 Euro an einem PKW? Mir ist ja nun neulich jemand beim Ausparken an den Volvo gefahren und der Rempler war sicher heftiger als das Rammen eines Radlers, der danach noch fahren kann. Trotzdem waren das mal gerade 550 Euro. Bin mal gespannt, ob die NW die Pressemeldung auch wieder einfach ohne zu hinterfragen abdruckt &#8230; ;-)<\/p>\n","protected":false},"excerpt":{"rendered":"<p>Nur schreibt es die Polizei jetzt richtig pfiffig: Bad Oeynhauen-Werste (ots) &#8230; Ein 73-j\u00e4hriger Mann fuhr mit seinem grauen Mazda in \u00f6stlicher Richtung und wollte nach rechts auf die Ringstra\u00dfe abbiegen. Ein unbekannter Radfahrer, der den s\u00fcdlichen Geh-\/Radweg der Bergkirchener &hellip;<\/p>\n<p class=\"read-more\"> <a class=\"more-link\" href=\"https:\/\/www.andreas-edler.de\/blog\/2007\/10\/wieder-mal-radler-erwischt\/\"> <span class=\"screen-reader-text\">Wieder mal Radler erwischt<\/span> Weiterlesen &raquo;<\/a><\/p>\n","protected":false},"author":1,"featured_media":0,"comment_status":"open","ping_status":"open","sticky":false,"template":"","format":"standard","meta":{"ngg_post_thumbnail":0,"activitypub_content_warning":"","activitypub_content_visibility":"","activitypub_max_image_attachments":2,"activitypub_interaction_policy_quote":"anyone","activitypub_status":"","footnotes":""},"categories":[14,15,18,13],"tags":[59],"class_list":["post-5788","post","type-post","status-publish","format-standard","hentry","category-bad-oeynhausen","category-fahrrad","category-fraglich","category-verkehr","tag-presse"],"share_on_mastodon":{"url":"","error":""},"_links":{"self":[{"href":"https:\/\/www.andreas-edler.de\/blog\/wp-json\/wp\/v2\/posts\/5788","targetHints":{"allow":["GET"]}}],"collection":[{"href":"https:\/\/www.andreas-edler.de\/blog\/wp-json\/wp\/v2\/posts"}],"about":[{"href":"https:\/\/www.andreas-edler.de\/blog\/wp-json\/wp\/v2\/types\/post"}],"author":[{"embeddable":true,"href":"https:\/\/www.andreas-edler.de\/blog\/wp-json\/wp\/v2\/users\/1"}],"replies":[{"embeddable":true,"href":"https:\/\/www.andreas-edler.de\/blog\/wp-json\/wp\/v2\/comments?post=5788"}],"version-history":[{"count":0,"href":"https:\/\/www.andreas-edler.de\/blog\/wp-json\/wp\/v2\/posts\/5788\/revisions"}],"wp:attachment":[{"href":"https:\/\/www.andreas-edler.de\/blog\/wp-json\/wp\/v2\/media?parent=5788"}],"wp:term":[{"taxonomy":"category","embeddable":true,"href":"https:\/\/www.andreas-edler.de\/blog\/wp-json\/wp\/v2\/categories?post=5788"},{"taxonomy":"post_tag","embeddable":true,"href":"https:\/\/www.andreas-edler.de\/blog\/wp-json\/wp\/v2\/tags?post=5788"}],"curies":[{"name":"wp","href":"https:\/\/api.w.org\/{rel}","templated":true}]}}