{"id":5766,"date":"2007-09-22T17:00:00","date_gmt":"2007-09-22T16:00:00","guid":{"rendered":"http:\/\/www.andreas-edler.de\/blog\/2007\/09\/ausruhen\/"},"modified":"2007-09-22T17:00:00","modified_gmt":"2007-09-22T16:00:00","slug":"ausruhen","status":"publish","type":"post","link":"https:\/\/www.andreas-edler.de\/blog\/2007\/09\/ausruhen\/","title":{"rendered":"Ausruhen"},"content":{"rendered":"<p>Das wird ein neuer Ruhepunkt. Nicht an der Stelle, ein paar Meter weiter nach rechts, aber zumindest genau die Sitzgelegenheit. Eigentlich wollte ich selbst eine Bank bauen, mit verstellbarer R\u00fcckenlehne und aus Douglasie. Nachdem wir heute jedoch im Marktkauf\/L\u00f6hne waren, um in der Gartenbauabteilung ein paar Ideen zu sammeln, stand da pl\u00f6tzlich dieses Einzelst\u00fcck rum. &#8222;Knallhart reduziert&#8220; lockte das grellbunte Plakat, 199 Euro auf dem Preisschild verhie\u00df &#8222;zu teuer f\u00fcr uns&#8220;. Ganz klein stand auf einem roten Kleber 99 Euro &#8211; das sahen wir aber erst ein paar Minuten sp\u00e4ter.<\/p>\n<p>Verk\u00e4ufer fand ich keine, also lie\u00df ich jemanden ausrufen. Nach wenigen S\u00e4tzen merkte man, dass die Dame nicht gerne handelt und an dem Zustand der Bank (fehlende Schrauben, Macken, Kratzer im Lack) nichts finden konnte, darum ist sie ja schon um die H\u00e4lfte reduziert. Ich habe die Verhandlungen dann mit &#8222;90 Euro und ich packe das Ding in den Kofferraum?!&#8220; beendet. Da wollte sie nicht drauf eingehen und musste erst mit ihrem Vorgesetzten telefonieren, dem sie lautstark und in unserem Beisein schilderte, warum sie eine weitere Preisreduzierung absolut nicht einsehen w\u00fcrde. Zuletzt erw\u00e4hnte sie dann meine Preisvorstellung, woraufhin das Telefonat, mit einem &#8222;OK, gut.&#8220; von ihr endete. &#8222;90 ist OK&#8220; &#8211; hat der Chef gesagt &#8211; grummelte sie kaum verst\u00e4ndlich. Ist mir aber egal, ob ihr das gefiel :-)<\/p>\n<p>Gr\u00f6\u00dfere Probleme bereite das Verstauen im Volvo. Die Bank ist zusammengebaut zu sperrig f\u00fcr den Kofferraum, selbst mit umgeklappter R\u00fccksitzbank. Und passendes Werkzeug hatte ich nicht dabei &#8211; der Kauf war ja nicht geplant. Mussten wir die paar Kilometer zur\u00fcck eben mit offener Heckklappe fahren. Ging aber, ist ja ein Volvo. Und nun steht das gute St\u00fcck erstmal vor dem Haus. Die kleine Kiesfl\u00e4che neben dem Teich baue ich vielleicht n\u00e4chstes Wochenende.<\/p>\n<p style=\"text-align:center;\"><img decoding=\"async\" src=\"http:\/\/www.andreas-edler.de\/grafik\/blog_2007\/20070922_neue_bank.jpg\" width=\"470\" border=\"0\" alt=\"\"><\/p>\n","protected":false},"excerpt":{"rendered":"<p>Das wird ein neuer Ruhepunkt. Nicht an der Stelle, ein paar Meter weiter nach rechts, aber zumindest genau die Sitzgelegenheit. Eigentlich wollte ich selbst eine Bank bauen, mit verstellbarer R\u00fcckenlehne und aus Douglasie. Nachdem wir heute jedoch im Marktkauf\/L\u00f6hne waren, &hellip;<\/p>\n<p class=\"read-more\"> <a class=\"more-link\" href=\"https:\/\/www.andreas-edler.de\/blog\/2007\/09\/ausruhen\/\"> <span class=\"screen-reader-text\">Ausruhen<\/span> Weiterlesen &raquo;<\/a><\/p>\n","protected":false},"author":1,"featured_media":0,"comment_status":"open","ping_status":"open","sticky":false,"template":"","format":"standard","meta":{"ngg_post_thumbnail":0,"activitypub_content_warning":"","activitypub_content_visibility":"","activitypub_max_image_attachments":2,"activitypub_interaction_policy_quote":"anyone","activitypub_status":"","footnotes":""},"categories":[22],"tags":[37,31,38],"class_list":["post-5766","post","type-post","status-publish","format-standard","hentry","category-basteln","tag-auto","tag-garten","tag-haus"],"share_on_mastodon":{"url":"","error":""},"_links":{"self":[{"href":"https:\/\/www.andreas-edler.de\/blog\/wp-json\/wp\/v2\/posts\/5766","targetHints":{"allow":["GET"]}}],"collection":[{"href":"https:\/\/www.andreas-edler.de\/blog\/wp-json\/wp\/v2\/posts"}],"about":[{"href":"https:\/\/www.andreas-edler.de\/blog\/wp-json\/wp\/v2\/types\/post"}],"author":[{"embeddable":true,"href":"https:\/\/www.andreas-edler.de\/blog\/wp-json\/wp\/v2\/users\/1"}],"replies":[{"embeddable":true,"href":"https:\/\/www.andreas-edler.de\/blog\/wp-json\/wp\/v2\/comments?post=5766"}],"version-history":[{"count":0,"href":"https:\/\/www.andreas-edler.de\/blog\/wp-json\/wp\/v2\/posts\/5766\/revisions"}],"wp:attachment":[{"href":"https:\/\/www.andreas-edler.de\/blog\/wp-json\/wp\/v2\/media?parent=5766"}],"wp:term":[{"taxonomy":"category","embeddable":true,"href":"https:\/\/www.andreas-edler.de\/blog\/wp-json\/wp\/v2\/categories?post=5766"},{"taxonomy":"post_tag","embeddable":true,"href":"https:\/\/www.andreas-edler.de\/blog\/wp-json\/wp\/v2\/tags?post=5766"}],"curies":[{"name":"wp","href":"https:\/\/api.w.org\/{rel}","templated":true}]}}