{"id":5764,"date":"2007-09-21T18:19:00","date_gmt":"2007-09-21T17:19:00","guid":{"rendered":"http:\/\/www.andreas-edler.de\/blog\/2007\/09\/anstieg\/"},"modified":"2007-09-21T18:19:00","modified_gmt":"2007-09-21T17:19:00","slug":"anstieg","status":"publish","type":"post","link":"https:\/\/www.andreas-edler.de\/blog\/2007\/09\/anstieg\/","title":{"rendered":"Anstieg"},"content":{"rendered":"<p>Im Laufe des Tages wurde das Wetter immer besser und daher habe ich mal wieder meiner desastr\u00f6sen Kilometerstatistik in diesem Jahr etwas Futter zugef\u00fchrt. Aber nur eine kleine Strecke, weil es schon so sp\u00e4t war und ich noch ins Kino wollte. Zur Porta und zur\u00fcck. Und ich habe es endlich mal wieder geschafft, bis zur Br\u00fccke einen Schnitt knapp \u00fcber 30 Km\/h zu fahren. Das sind zwar nur 10 Kilometer, aber immerhin. &#8222;Wenn schon denn schon&#8220; habe ich mir dann gedacht und bin gleich hoch bis zum Wilhelm. Auch lange nicht gemacht, aber trotzdem gut hinbekommen. Die Beine taten nicht weh und ich hatte oben noch Luft. Kurz einmal in die Runde gucken und zur\u00fcck. Diesmal kam der Wind zwar von vorne, aber nur ganz leicht. Der Tacho zeigte oft \u00fcber 30 an, nie unter 27 &#8230; und alles in allem habe ich mit 23,5 Km\/h Schnitt eine ordentliche Zeit gehabt &#8211; inkl. der Fahrt den Berg rauf.<\/p>\n<p>25 Km | 23,5 Km\/h Schnitt | 56 Km\/h max. | 176 H\u00f6henmeter<\/p>\n<p style=\"text-align:center;\"><img decoding=\"async\" src=\"http:\/\/www.andreas-edler.de\/grafik\/blog_2007\/20070921_profil.gif\" width=\"470\" border=\"0\" alt=\"\"><\/p>\n","protected":false},"excerpt":{"rendered":"<p>Im Laufe des Tages wurde das Wetter immer besser und daher habe ich mal wieder meiner desastr\u00f6sen Kilometerstatistik in diesem Jahr etwas Futter zugef\u00fchrt. Aber nur eine kleine Strecke, weil es schon so sp\u00e4t war und ich noch ins Kino &hellip;<\/p>\n<p class=\"read-more\"> <a class=\"more-link\" href=\"https:\/\/www.andreas-edler.de\/blog\/2007\/09\/anstieg\/\"> <span class=\"screen-reader-text\">Anstieg<\/span> Weiterlesen &raquo;<\/a><\/p>\n","protected":false},"author":1,"featured_media":0,"comment_status":"open","ping_status":"open","sticky":false,"template":"","format":"standard","meta":{"ngg_post_thumbnail":0,"activitypub_content_warning":"","activitypub_content_visibility":"","activitypub_max_image_attachments":2,"activitypub_interaction_policy_quote":"anyone","activitypub_status":"","footnotes":""},"categories":[15],"tags":[],"class_list":["post-5764","post","type-post","status-publish","format-standard","hentry","category-fahrrad"],"share_on_mastodon":{"url":"","error":""},"_links":{"self":[{"href":"https:\/\/www.andreas-edler.de\/blog\/wp-json\/wp\/v2\/posts\/5764","targetHints":{"allow":["GET"]}}],"collection":[{"href":"https:\/\/www.andreas-edler.de\/blog\/wp-json\/wp\/v2\/posts"}],"about":[{"href":"https:\/\/www.andreas-edler.de\/blog\/wp-json\/wp\/v2\/types\/post"}],"author":[{"embeddable":true,"href":"https:\/\/www.andreas-edler.de\/blog\/wp-json\/wp\/v2\/users\/1"}],"replies":[{"embeddable":true,"href":"https:\/\/www.andreas-edler.de\/blog\/wp-json\/wp\/v2\/comments?post=5764"}],"version-history":[{"count":0,"href":"https:\/\/www.andreas-edler.de\/blog\/wp-json\/wp\/v2\/posts\/5764\/revisions"}],"wp:attachment":[{"href":"https:\/\/www.andreas-edler.de\/blog\/wp-json\/wp\/v2\/media?parent=5764"}],"wp:term":[{"taxonomy":"category","embeddable":true,"href":"https:\/\/www.andreas-edler.de\/blog\/wp-json\/wp\/v2\/categories?post=5764"},{"taxonomy":"post_tag","embeddable":true,"href":"https:\/\/www.andreas-edler.de\/blog\/wp-json\/wp\/v2\/tags?post=5764"}],"curies":[{"name":"wp","href":"https:\/\/api.w.org\/{rel}","templated":true}]}}