{"id":5737,"date":"2007-08-27T21:34:00","date_gmt":"2007-08-27T20:34:00","guid":{"rendered":"http:\/\/www.andreas-edler.de\/blog\/2007\/08\/doppelchronograph\/"},"modified":"2007-08-27T21:34:00","modified_gmt":"2007-08-27T20:34:00","slug":"doppelchronograph","status":"publish","type":"post","link":"https:\/\/www.andreas-edler.de\/blog\/2007\/08\/doppelchronograph\/","title":{"rendered":"Doppelchronograph"},"content":{"rendered":"<div class=\"bild\"><img decoding=\"async\" src=\"http:\/\/www.andreas-edler.de\/grafik\/blog_2007\/20070826_doppel_chrono.jpg\" width=\"250\" border=\"0\" alt=\"Doppelchronograph\"><\/div>\n<p>Was sind das eigentlich f\u00fcr Leute, die zwei Uhren tragen? An jedem Arm eine &#8230; Noch dazu so gro\u00dfe, klobige Chronometer. Ich habe selbst ein paar Uhren, auch einen Chronometer in der gleichen Gr\u00f6\u00dfe (Nicht teuer, bezahlt habe ich eh nichts &#8211; ist gewonnen worden &#8211; aber er kostete wohl 250 Tacken.), doch den trage ich eigentlich nie. Wozu ben\u00f6tige ich einen Zeitanzeiger am Arm, wenn ich ein Handy dabei habe? Ein Handy hatte der Typ in seiner Wildlederjacke, die er trotz 26\u00b0C noch \u00fcber dem lang\u00e4rmeligen Hemd trug, garantiert auch dabei. Womit er mindestens 3 M\u00f6glichkeiten hatte, die aktuelle Uhrzeit herauszufinden.<\/p>\n<p>Bleibt eigentlich nur eine M\u00f6glichkeit: er tr\u00e4gt die Uhr als Schmuck. Das ist OK, auch wenn ich Schmuck bei M\u00e4nnern nicht mag, eine Uhr ist in Ordnung. Eine. Meinetwegen so gro\u00df, dass der Typ den Arm nicht hochbekommt. Aber warum zwei von dem Kaliber? Das kann doch nur Angabe sein, oder? Wer gibt nun mit so einer Uhr an? Entweder die Uhren sind echt, dann ist der Mann wom\u00f6glich ziemlich spleenig. Was OK w\u00e4re &#8211; unter spleenig stelle ich mir dann aber auch vor, dass er eine schrillgr\u00fcne Cordhose tr\u00e4gt und wirres Haar hat, ansonsten aber unauff\u00e4llig im Zug sitzt und sich an der vorbei ziehenden Landschaft freut. <\/p>\n<p>Dieses Exemplar hier geh\u00f6rte allerdings zu einer Gruppe von Menschen, die den bis dahin ruhig dahin ratternden und au\u00dfer uns leeren Waggon unter gro\u00dfem &#8222;Hallo&#8220; okkupierten und sich h\u00e4uslich nieder lie\u00dfen. Es fehlte nur noch, dass sie Handt\u00fccher auf die Klappsitze legen, w\u00e4hrend sie mal kurz drau\u00dfen auf der Plattform gucken, ob wir schon am Ziel sind. Laut, prollig, r\u00fccksichtslos. Das l\u00e4sst hinsichtlich der Uhren zwei Schl\u00fcsse zu. Sind sie echt, haben wir es mit einer Horde Neureicher zu tun, die nichts f\u00fcr ihr Geld getan haben und viel zu schnell viel zu viel davon bekommen haben. Oder die Uhren sind Plagiate, dann sind die Typen wohl im letzten Urlaub in der T\u00fcrkei gewesen und geben nun damit an, dem fliegenden H\u00e4ndler zum Preis von einer Nachbildung zwei aus der Tasche geleiert zu haben.<\/p>\n<p>Beide der letztgenannten Gruppen sind mir irgendwie zuwider. Ich war froh, als die wieder aus dem Zug waren &#8230;<\/p>\n","protected":false},"excerpt":{"rendered":"<p>Was sind das eigentlich f\u00fcr Leute, die zwei Uhren tragen? An jedem Arm eine &#8230; Noch dazu so gro\u00dfe, klobige Chronometer. Ich habe selbst ein paar Uhren, auch einen Chronometer in der gleichen Gr\u00f6\u00dfe (Nicht teuer, bezahlt habe ich eh &hellip;<\/p>\n<p class=\"read-more\"> <a class=\"more-link\" href=\"https:\/\/www.andreas-edler.de\/blog\/2007\/08\/doppelchronograph\/\"> <span class=\"screen-reader-text\">Doppelchronograph<\/span> Weiterlesen &raquo;<\/a><\/p>\n","protected":false},"author":1,"featured_media":0,"comment_status":"open","ping_status":"open","sticky":false,"template":"","format":"standard","meta":{"ngg_post_thumbnail":0,"activitypub_content_warning":"","activitypub_content_visibility":"","activitypub_max_image_attachments":2,"activitypub_interaction_policy_quote":"anyone","activitypub_status":"","footnotes":""},"categories":[18],"tags":[56,5],"class_list":["post-5737","post","type-post","status-publish","format-standard","hentry","category-fraglich","tag-kleidung","tag-unterwegs"],"share_on_mastodon":{"url":"","error":""},"_links":{"self":[{"href":"https:\/\/www.andreas-edler.de\/blog\/wp-json\/wp\/v2\/posts\/5737","targetHints":{"allow":["GET"]}}],"collection":[{"href":"https:\/\/www.andreas-edler.de\/blog\/wp-json\/wp\/v2\/posts"}],"about":[{"href":"https:\/\/www.andreas-edler.de\/blog\/wp-json\/wp\/v2\/types\/post"}],"author":[{"embeddable":true,"href":"https:\/\/www.andreas-edler.de\/blog\/wp-json\/wp\/v2\/users\/1"}],"replies":[{"embeddable":true,"href":"https:\/\/www.andreas-edler.de\/blog\/wp-json\/wp\/v2\/comments?post=5737"}],"version-history":[{"count":0,"href":"https:\/\/www.andreas-edler.de\/blog\/wp-json\/wp\/v2\/posts\/5737\/revisions"}],"wp:attachment":[{"href":"https:\/\/www.andreas-edler.de\/blog\/wp-json\/wp\/v2\/media?parent=5737"}],"wp:term":[{"taxonomy":"category","embeddable":true,"href":"https:\/\/www.andreas-edler.de\/blog\/wp-json\/wp\/v2\/categories?post=5737"},{"taxonomy":"post_tag","embeddable":true,"href":"https:\/\/www.andreas-edler.de\/blog\/wp-json\/wp\/v2\/tags?post=5737"}],"curies":[{"name":"wp","href":"https:\/\/api.w.org\/{rel}","templated":true}]}}