{"id":5708,"date":"2007-08-03T18:27:00","date_gmt":"2007-08-03T17:27:00","guid":{"rendered":"http:\/\/www.andreas-edler.de\/blog\/2007\/08\/reamonn-in-oeynhausen\/"},"modified":"2007-08-03T18:27:00","modified_gmt":"2007-08-03T17:27:00","slug":"reamonn-in-oeynhausen","status":"publish","type":"post","link":"https:\/\/www.andreas-edler.de\/blog\/2007\/08\/reamonn-in-oeynhausen\/","title":{"rendered":"Reamonn in Oeynhausen"},"content":{"rendered":"<p>Die diesj\u00e4hrige <s>Kurparkbeleuchtung<\/s> Parklichter j\u00e4hren sich zum 51sten Mal und seit dem Jubil\u00e4um im letzten Jahr will man vor dem eigentlichen Feuerwerk wohl immer was Dolles bieten. Dieses Jahr sind&#8217;s Reamonn. Um die 6.000 Zuschauer und -h\u00f6rer werden erwartet. Zumindest zahlende &#8211; zu denen werden wir nicht geh\u00f6ren. Wir schnappen uns gleich die R\u00e4der und fahren so in die Stadt. Den Souncheck konnte ich heute nachmittag im B\u00fcro schon gut verstehen, wenn man da noch n\u00e4her ran geht, sollte das reichen. Und so richtig meine Musik ist es eh nicht. Und warum die die Soundcheck- und Regelbude 25 Meter vor die B\u00fchne gebaut haben, kann ich  mir sowieso nicht erkl\u00e4ren. Dahinter kann doch keiner mehr was sehen!<\/p>\n<p style=\"text-align:center;\"><img decoding=\"async\" src=\"http:\/\/www.andreas-edler.de\/grafik\/blog_2007\/20070803_reamonn.jpg\" width=\"470\" border=\"0\" alt=\"Reamonn B\u00fchne im Kurpark Bad Oeynhausen\"><\/p>\n<div class=\"bild\"><img decoding=\"async\" src=\"http:\/\/www.andreas-edler.de\/grafik\/blog_2007\/20070803_profil.gif\" width=\"250\" border=\"0\" alt=\"\"><\/div>\n<p>Und dazu gibt&#8217;s &#8217;nen richtig leckeren D\u00f6ner vom D\u00f6nermann unten an der Bahnhofstra\u00dfe! Ewig nicht gehabt. Damit das nicht ansetzt, war ich eben noch eine kleine Runde auf dem Rad und habe &#8217;ne neue Tour versucht. Von Schnathorst nach Nettelstedt \u00fcber den Berg. Da bin ich noch nie gefahren und neulich im Auto kam mir das sehr steil vor. War jetzt eben nicht so gewaltig, hat aber trotzdem richtig Spa\u00df gemacht! Und ich bin alles andere als kaputt. Von Nettelstedt bin ich hoch zur Wall\u00fccke und am Hang lang nach Begrkirchen und zu den Schwiegereltern in Wulfsen. Ab da dann mit der Frau zur\u00fcck &#8211; und das ist dann eher gem\u00fctlich ;-)<\/p>\n<p>33 Km | 23 Km\/h Schnitt | 51 Km\/h max. | 370 H\u00f6henmeter<\/p>\n","protected":false},"excerpt":{"rendered":"<p>Die diesj\u00e4hrige Kurparkbeleuchtung Parklichter j\u00e4hren sich zum 51sten Mal und seit dem Jubil\u00e4um im letzten Jahr will man vor dem eigentlichen Feuerwerk wohl immer was Dolles bieten. Dieses Jahr sind&#8217;s Reamonn. Um die 6.000 Zuschauer und -h\u00f6rer werden erwartet. Zumindest &hellip;<\/p>\n<p class=\"read-more\"> <a class=\"more-link\" href=\"https:\/\/www.andreas-edler.de\/blog\/2007\/08\/reamonn-in-oeynhausen\/\"> <span class=\"screen-reader-text\">Reamonn in Oeynhausen<\/span> Weiterlesen &raquo;<\/a><\/p>\n","protected":false},"author":1,"featured_media":0,"comment_status":"open","ping_status":"open","sticky":false,"template":"","format":"standard","meta":{"ngg_post_thumbnail":0,"activitypub_content_warning":"","activitypub_content_visibility":"","activitypub_max_image_attachments":2,"activitypub_interaction_policy_quote":"anyone","activitypub_status":"","footnotes":""},"categories":[14,15],"tags":[29],"class_list":["post-5708","post","type-post","status-publish","format-standard","hentry","category-bad-oeynhausen","category-fahrrad","tag-musik"],"share_on_mastodon":{"url":"","error":""},"_links":{"self":[{"href":"https:\/\/www.andreas-edler.de\/blog\/wp-json\/wp\/v2\/posts\/5708","targetHints":{"allow":["GET"]}}],"collection":[{"href":"https:\/\/www.andreas-edler.de\/blog\/wp-json\/wp\/v2\/posts"}],"about":[{"href":"https:\/\/www.andreas-edler.de\/blog\/wp-json\/wp\/v2\/types\/post"}],"author":[{"embeddable":true,"href":"https:\/\/www.andreas-edler.de\/blog\/wp-json\/wp\/v2\/users\/1"}],"replies":[{"embeddable":true,"href":"https:\/\/www.andreas-edler.de\/blog\/wp-json\/wp\/v2\/comments?post=5708"}],"version-history":[{"count":0,"href":"https:\/\/www.andreas-edler.de\/blog\/wp-json\/wp\/v2\/posts\/5708\/revisions"}],"wp:attachment":[{"href":"https:\/\/www.andreas-edler.de\/blog\/wp-json\/wp\/v2\/media?parent=5708"}],"wp:term":[{"taxonomy":"category","embeddable":true,"href":"https:\/\/www.andreas-edler.de\/blog\/wp-json\/wp\/v2\/categories?post=5708"},{"taxonomy":"post_tag","embeddable":true,"href":"https:\/\/www.andreas-edler.de\/blog\/wp-json\/wp\/v2\/tags?post=5708"}],"curies":[{"name":"wp","href":"https:\/\/api.w.org\/{rel}","templated":true}]}}