{"id":5706,"date":"2007-08-01T20:49:00","date_gmt":"2007-08-01T19:49:00","guid":{"rendered":"http:\/\/www.andreas-edler.de\/blog\/2007\/08\/fahrradcontent\/"},"modified":"2007-08-01T20:49:00","modified_gmt":"2007-08-01T19:49:00","slug":"fahrradcontent","status":"publish","type":"post","link":"https:\/\/www.andreas-edler.de\/blog\/2007\/08\/fahrradcontent\/","title":{"rendered":"Fahrradcontent"},"content":{"rendered":"<p>Wer liest sich eigentlich durch, wo ich mit dem Fahrrad rumfahre? Das mu\u00df doch so ziemlich das Uninteressanteste sein, was man sich so vorstellen kann. Gut, ich mache das auf anderen Seiten auch &#8230; aber wahrscheinlich bin ich auch ein bi\u00dfchen komisch *g* Jedenfalls musste ich den Sommer 2007, welcher offensichtlich auf den 1. August gefallen ist, ausnutzen und eine Runde drehen. Aus der Tour nach Bielefeld wurde nichts, weil sich eine Umstellung im B\u00fcro l\u00e4nger hinzog als geplant. Dann aber mindestens bis Herford und das bitte sch\u00f6n auch \u00fcber den Sender. Die Route fehlte mir noch in der GPS-Track Sammlung.<\/p>\n<p>Vom Portablick aus hat man &#8211; man sollte es nicht f\u00fcr m\u00f6glich halten &#8211; einen super Blick \u00fcber die Porta. Und mit der diesmal mitgef\u00fchrten Kamera ist das Bild auch besser, als mit der Handyknipse. Nur etwas zu diessig. Da hat auch der Filter nichts gebracht.<\/p>\n<p style=\"text-align:center;\"><img decoding=\"async\" src=\"http:\/\/www.andreas-edler.de\/grafik\/blog_2007\/20070801_portablick.jpg\" width=\"470\" border=\"0\" alt=\"\"><\/p>\n<p>Ich hatte mich schon auf diese fiese steile Stra\u00dfe kurz vorm Sender gefreut. Da bin ich bestimmt schon ein Jahr nicht mehr hochgefahren. Aber ich hatte die irgendwie schlimmer in Erinnerung. War gut zu schaffen &#8211; und auf Bildern sieht es eh nicht so steil aus, wie es in Wirklichkeit ist. Der H\u00fcgel beginnt recht flach und wird nach oben hin immer steiler. Sehr gemein beim Hochfahren.<\/p>\n<p style=\"text-align:center;\"><img decoding=\"async\" src=\"http:\/\/www.andreas-edler.de\/grafik\/blog_2007\/20070801_zum_sender_hoch.jpg\" width=\"470\" border=\"0\" alt=\"\"><\/p>\n<p>Die Abfahrt vom Sender war nicht so wie sonst. Dort ist zwar prima glatter, neuer Asphalt, aber mein Hinterrad scheint eine kleine Unwucht zu haben und vibrierte etwas. Au\u00dferdem war da irgendwo so ein komisches Knacken &#8211; habe da lieber bei 50 abgebremst. Mit dem anderen Rad hatte ich da schon \u00fcber 80 drauf &#8211; und das hatte dicke Landcruiser drauf!<\/p>\n<p>Jedenfalls wei\u00df ich jetzt auch, dass es tats\u00e4chlich Unterschiede zwischen einem Radshirt und einem Badmintonshirt gibt. Letzteres hatte ich an und da hat sich was mit atmungsaktiv. F\u00fchlte sich nicht gut an und war zu allem \u00dcberflu\u00df auch noch kalt, da vorne nicht so dick wie meine Radshirts. Also nicht wieder zum Fahren anziehen.<\/p>\n<p>39 Km | 24 Km\/h Schnitt | 53 Km\/h max. | 333 H\u00f6henmeter<\/p>\n","protected":false},"excerpt":{"rendered":"<p>Wer liest sich eigentlich durch, wo ich mit dem Fahrrad rumfahre? Das mu\u00df doch so ziemlich das Uninteressanteste sein, was man sich so vorstellen kann. Gut, ich mache das auf anderen Seiten auch &#8230; aber wahrscheinlich bin ich auch ein &hellip;<\/p>\n<p class=\"read-more\"> <a class=\"more-link\" href=\"https:\/\/www.andreas-edler.de\/blog\/2007\/08\/fahrradcontent\/\"> <span class=\"screen-reader-text\">Fahrradcontent<\/span> Weiterlesen &raquo;<\/a><\/p>\n","protected":false},"author":1,"featured_media":0,"comment_status":"open","ping_status":"open","sticky":false,"template":"","format":"standard","meta":{"ngg_post_thumbnail":0,"activitypub_content_warning":"","activitypub_content_visibility":"","activitypub_max_image_attachments":2,"activitypub_interaction_policy_quote":"anyone","activitypub_status":"","footnotes":""},"categories":[15],"tags":[8,53],"class_list":["post-5706","post","type-post","status-publish","format-standard","hentry","category-fahrrad","tag-klottenkram","tag-wetter"],"share_on_mastodon":{"url":"","error":""},"_links":{"self":[{"href":"https:\/\/www.andreas-edler.de\/blog\/wp-json\/wp\/v2\/posts\/5706","targetHints":{"allow":["GET"]}}],"collection":[{"href":"https:\/\/www.andreas-edler.de\/blog\/wp-json\/wp\/v2\/posts"}],"about":[{"href":"https:\/\/www.andreas-edler.de\/blog\/wp-json\/wp\/v2\/types\/post"}],"author":[{"embeddable":true,"href":"https:\/\/www.andreas-edler.de\/blog\/wp-json\/wp\/v2\/users\/1"}],"replies":[{"embeddable":true,"href":"https:\/\/www.andreas-edler.de\/blog\/wp-json\/wp\/v2\/comments?post=5706"}],"version-history":[{"count":0,"href":"https:\/\/www.andreas-edler.de\/blog\/wp-json\/wp\/v2\/posts\/5706\/revisions"}],"wp:attachment":[{"href":"https:\/\/www.andreas-edler.de\/blog\/wp-json\/wp\/v2\/media?parent=5706"}],"wp:term":[{"taxonomy":"category","embeddable":true,"href":"https:\/\/www.andreas-edler.de\/blog\/wp-json\/wp\/v2\/categories?post=5706"},{"taxonomy":"post_tag","embeddable":true,"href":"https:\/\/www.andreas-edler.de\/blog\/wp-json\/wp\/v2\/tags?post=5706"}],"curies":[{"name":"wp","href":"https:\/\/api.w.org\/{rel}","templated":true}]}}