{"id":5683,"date":"2007-07-18T20:14:00","date_gmt":"2007-07-18T19:14:00","guid":{"rendered":"http:\/\/www.andreas-edler.de\/blog\/2007\/07\/schutzblech-klappert\/"},"modified":"2007-07-18T20:14:00","modified_gmt":"2007-07-18T19:14:00","slug":"schutzblech-klappert","status":"publish","type":"post","link":"https:\/\/www.andreas-edler.de\/blog\/2007\/07\/schutzblech-klappert\/","title":{"rendered":"Schutzblech klappert"},"content":{"rendered":"<p>Seit der <a href=\"http:\/\/www.andreas-edler.de\/inntalradweg_20070525.php\">Inntaltour<\/a> hat mich das am Reiserad montierte Schutzblech (eigentlich ist es ja aus Kunststoff) genervt. Immer wenn man \u00fcber eine Kante f\u00e4hrt, schl\u00e4gt es an den Reflektor vom Gep\u00e4cktr\u00e4ger &#8211; der Tribut, den f\u00fcr die Einpunktbefestigung und die schnelle Demontage zahlt. Nun ist &#8222;Klappern&#8220; aber so ziemlich das nervigste, was ich mir vorstellen kann. Da ich sowieso mit dem Rad in den Werkkeller musste (heute morgen auf dem Weg zur Arbeit hatte ich einen Kettenfresser, der mir den Umwerfer vorne ziemlich verbogen hat), sann ich auf Abhilfe. Ein Winkel und zwei Schrauben sollten das Klappern beseitigen. Allerdings ist dann Essig mit &#8222;schnell mal abnehmen&#8220;. 10 Minuten gegr\u00fcbelt &#8230; wollte schon unverrichteter Dinge das Rad hoch tragen &#8211; als mein Blick auf die Klottenkiste und das Schaumstoffklebeband fiel. Manchmal sind die einfachsten Dinge wirklich die wirkungsvollsten.<\/p>\n<p style=\"text-align:center;\"><img decoding=\"async\" src=\"http:\/\/www.andreas-edler.de\/grafik\/blog_2007\/20070718_schutzblech.jpg\" width=\"470\" border=\"0\" alt=\"\"><\/p>\n","protected":false},"excerpt":{"rendered":"<p>Seit der Inntaltour hat mich das am Reiserad montierte Schutzblech (eigentlich ist es ja aus Kunststoff) genervt. Immer wenn man \u00fcber eine Kante f\u00e4hrt, schl\u00e4gt es an den Reflektor vom Gep\u00e4cktr\u00e4ger &#8211; der Tribut, den f\u00fcr die Einpunktbefestigung und die &hellip;<\/p>\n<p class=\"read-more\"> <a class=\"more-link\" href=\"https:\/\/www.andreas-edler.de\/blog\/2007\/07\/schutzblech-klappert\/\"> <span class=\"screen-reader-text\">Schutzblech klappert<\/span> Weiterlesen &raquo;<\/a><\/p>\n","protected":false},"author":1,"featured_media":0,"comment_status":"open","ping_status":"open","sticky":false,"template":"","format":"standard","meta":{"ngg_post_thumbnail":0,"activitypub_content_warning":"","activitypub_content_visibility":"","activitypub_max_image_attachments":2,"activitypub_interaction_policy_quote":"anyone","activitypub_status":"","footnotes":""},"categories":[22,15],"tags":[],"class_list":["post-5683","post","type-post","status-publish","format-standard","hentry","category-basteln","category-fahrrad"],"share_on_mastodon":{"url":"","error":""},"_links":{"self":[{"href":"https:\/\/www.andreas-edler.de\/blog\/wp-json\/wp\/v2\/posts\/5683","targetHints":{"allow":["GET"]}}],"collection":[{"href":"https:\/\/www.andreas-edler.de\/blog\/wp-json\/wp\/v2\/posts"}],"about":[{"href":"https:\/\/www.andreas-edler.de\/blog\/wp-json\/wp\/v2\/types\/post"}],"author":[{"embeddable":true,"href":"https:\/\/www.andreas-edler.de\/blog\/wp-json\/wp\/v2\/users\/1"}],"replies":[{"embeddable":true,"href":"https:\/\/www.andreas-edler.de\/blog\/wp-json\/wp\/v2\/comments?post=5683"}],"version-history":[{"count":0,"href":"https:\/\/www.andreas-edler.de\/blog\/wp-json\/wp\/v2\/posts\/5683\/revisions"}],"wp:attachment":[{"href":"https:\/\/www.andreas-edler.de\/blog\/wp-json\/wp\/v2\/media?parent=5683"}],"wp:term":[{"taxonomy":"category","embeddable":true,"href":"https:\/\/www.andreas-edler.de\/blog\/wp-json\/wp\/v2\/categories?post=5683"},{"taxonomy":"post_tag","embeddable":true,"href":"https:\/\/www.andreas-edler.de\/blog\/wp-json\/wp\/v2\/tags?post=5683"}],"curies":[{"name":"wp","href":"https:\/\/api.w.org\/{rel}","templated":true}]}}