{"id":5640,"date":"2007-06-22T22:10:00","date_gmt":"2007-06-22T20:10:00","guid":{"rendered":"http:\/\/www.andreas-edler.de\/blog\/2007\/06\/shrek-der-dritte\/"},"modified":"2013-11-02T13:59:50","modified_gmt":"2013-11-02T12:59:50","slug":"shrek-der-dritte","status":"publish","type":"post","link":"https:\/\/www.andreas-edler.de\/blog\/2007\/06\/shrek-der-dritte\/","title":{"rendered":"Shrek der Dritte"},"content":{"rendered":"<p>Deutlich witziger, als ich nach dem zweiten Teil erwartet hatte.<\/p>\n<p>Seit wann ist es den anderen Kinobesuchern eigentlich verboten, sich vor Besuch des Lichtspielhauses zu reinigen und einen dezenten oder neutralen Duft aufzulegen? M\u00fcssen die stinken wie Pumak\u00e4fige? Und mu\u00df man bei gef\u00fchlten 160 Kilo auch noch tonnenweise Popcorn in sich rein schaufeln? Kein Wunder, wenn man dann noch 1,5 Liter Cola braucht um seine Medikamente runter zu sp\u00fclen. Kerl, beweg Dich mehr &#8230; genau das hat mir auch geholfen.<\/p>\n<p>Ich war mehrfach kurz davor, mir einen anderen Platz zu suchen. Der W\u00fcrgereiz kam aber nie ganz durch und leider war der Saal ziemlich voll :-(<\/p>\n","protected":false},"excerpt":{"rendered":"<p>Deutlich witziger, als ich nach dem zweiten Teil erwartet hatte. Seit wann ist es den anderen Kinobesuchern eigentlich verboten, sich vor Besuch des Lichtspielhauses zu reinigen und einen dezenten oder neutralen Duft aufzulegen? M\u00fcssen die stinken wie Pumak\u00e4fige? Und mu\u00df &hellip;<\/p>\n<p class=\"read-more\"> <a class=\"more-link\" href=\"https:\/\/www.andreas-edler.de\/blog\/2007\/06\/shrek-der-dritte\/\"> <span class=\"screen-reader-text\">Shrek der Dritte<\/span> Weiterlesen &raquo;<\/a><\/p>\n","protected":false},"author":1,"featured_media":0,"comment_status":"open","ping_status":"open","sticky":false,"template":"","format":"standard","meta":{"ngg_post_thumbnail":0,"activitypub_content_warning":"","activitypub_content_visibility":"","activitypub_max_image_attachments":2,"activitypub_interaction_policy_quote":"anyone","activitypub_status":"","footnotes":""},"categories":[1],"tags":[11,9],"class_list":["post-5640","post","type-post","status-publish","format-standard","hentry","category-allgemein","tag-film","tag-kino"],"share_on_mastodon":{"url":"","error":""},"_links":{"self":[{"href":"https:\/\/www.andreas-edler.de\/blog\/wp-json\/wp\/v2\/posts\/5640","targetHints":{"allow":["GET"]}}],"collection":[{"href":"https:\/\/www.andreas-edler.de\/blog\/wp-json\/wp\/v2\/posts"}],"about":[{"href":"https:\/\/www.andreas-edler.de\/blog\/wp-json\/wp\/v2\/types\/post"}],"author":[{"embeddable":true,"href":"https:\/\/www.andreas-edler.de\/blog\/wp-json\/wp\/v2\/users\/1"}],"replies":[{"embeddable":true,"href":"https:\/\/www.andreas-edler.de\/blog\/wp-json\/wp\/v2\/comments?post=5640"}],"version-history":[{"count":0,"href":"https:\/\/www.andreas-edler.de\/blog\/wp-json\/wp\/v2\/posts\/5640\/revisions"}],"wp:attachment":[{"href":"https:\/\/www.andreas-edler.de\/blog\/wp-json\/wp\/v2\/media?parent=5640"}],"wp:term":[{"taxonomy":"category","embeddable":true,"href":"https:\/\/www.andreas-edler.de\/blog\/wp-json\/wp\/v2\/categories?post=5640"},{"taxonomy":"post_tag","embeddable":true,"href":"https:\/\/www.andreas-edler.de\/blog\/wp-json\/wp\/v2\/tags?post=5640"}],"curies":[{"name":"wp","href":"https:\/\/api.w.org\/{rel}","templated":true}]}}