{"id":5620,"date":"2007-06-11T17:25:00","date_gmt":"2007-06-11T16:25:00","guid":{"rendered":"http:\/\/www.andreas-edler.de\/blog\/2007\/06\/es-geht-nicht-ums-schwarzfahren\/"},"modified":"2007-06-11T17:25:00","modified_gmt":"2007-06-11T16:25:00","slug":"es-geht-nicht-ums-schwarzfahren","status":"publish","type":"post","link":"https:\/\/www.andreas-edler.de\/blog\/2007\/06\/es-geht-nicht-ums-schwarzfahren\/","title":{"rendered":"&#8230; es geht nicht um&#8217;s Schwarzfahren!"},"content":{"rendered":"<div class=\"bild\"><a href=\"http:\/\/www.andreas-edler.de\/grafik\/inntalradweg_20070525\/inntalradweg7_800.jpg\" target=\"Bild\" onclick=\"javascript:window.open('','Bild','width=830, height=650, directories=no, toolbar=no, location=no, menubar=no, scrollbars=no, status=no, resizable=no, dependent=no')\"><img decoding=\"async\" src=\"http:\/\/www.andreas-edler.de\/grafik\/inntalradweg_20070525\/inntalradweg7_250.jpg\" width=\"250\" border=\"0\" alt=\"... optimiert f\u00fcr Rad- und Rollstuhlfahrer sowie Kinderwagen!\"><\/a><\/div>\n<p>F\u00fcr die Zugfahrt von <a href=\"http:\/\/www.andreas-edler.de\/inntalradweg_20070526.php\">Passau nach Innsbruck<\/a> hatte ich die Tickets bereits in Bad Oeynhausen gekauft. Am Schalter. Ja, das kostet 2 Euro mehr &#8211; aber ich wollte das Papier in H\u00e4nden haben und Bock auf unverst\u00e4ndliche Automaten und unklare Bahnverbindungen hatte ich auch nicht. Wir sind also morgens in aller Seelenruhe und reichlich vor Abfahrt in den Zug gestiegen, haben die Fahrr\u00e4der auf den gro\u00dfen Haufen mit den anderen Drahteseln geworfen und uns zu den anderen radreisenden Sardinen in den freien Quadratmeter  des Abteils gequetscht.<\/p>\n<p>Nicht alle hatten im Vorfeld die Mu\u00dfe sich um eine Karte zu k\u00fcmmern. Oder aber sie h\u00e4tten sie gehabt und wurden morgens aufgehalten, vielleicht haben sie auch nur verpennt. Jedenfalls kam kurz bevor der Zug anrollte noch ein junger Mann angest\u00fcrmt, der offensichtlich kein Ticket hatte. Zum Automaten bzw. Schalter schaffte er es nicht und daher sprach er den Schaffner (und ich sage Schaffner) an und fragte, ob er ausnahmsweise &#8230; &#8222;Nein!&#8220;. Ich wei\u00df nicht was der Bahnmensch hatte, ob er morgens unwirsch abgewiesen wurde, ob er irgendwas quer sitzen hatte was nicht raus konnte oder ob es einfach seine \u00e4tzende Art war. Jedenfalls bedeutete er dem konsternierten jungen Mann, dass eine Karte im Zug l\u00f6sen 40 Euro kostet. Punkt. F\u00fcr die Fahrt Passau-M\u00fcnchen.<\/p>\n<p>Aber er wolle gar nicht schwarzfahren. Er m\u00f6chte doch eine Karte haben. Lautstark diskutierten die beiden auf dem Bahnsteig &#8211; wobei ich mich frage, ob der kartenlose Mensch die Zeit nicht besser mit dem Automaten, statt dem Schaffner vertr\u00f6delt h\u00e4tte. Jedenfalls durfte er nach einigen, eher unfreundlichen Worten kartenlos einsteigen. Im Abteil ging die Diskussion dann weiter w\u00e4hrend der Zug anrollte. Es ginge nicht darum, Schwarzfahrer zu bestrafen, erkl\u00e4rte der Bahnbedienstete, es ginge darum, dass man vorher Tickets kaufen soll! W\u00e4hrenddessen f\u00fcllte er Formulare aus und diskutierte und diskutierte. Seine Argumente konnte ich allerdings nichtmal ansatzweise nachvollziehen. Wof\u00fcr soll so eine Regelung gut sein, wenn man damit nicht die Schwarzfahrer drankriegen will? Jedenfalls bekommt der junge Mann nun noch Post nach Hause &#8211; und mu\u00df  wahrscheinlich nachzahlen.<\/p>\n<p>Sofort danach setzte der Schaffner sein bestes L\u00e4cheln auf, wandte sich an die mir schr\u00e4g gegen\u00fcber sitzende Frau, die sich mit ihrem Begleiter lautstark \u00fcber ihre Familie unterhielt und &#8230; verkaufte ihr ohne Diskussion und mit Ku\u00dfhand ein Bahnticket f\u00fcr einen Anschlu\u00dfzug!<\/p>\n<div class=\"bild\"><a href=\"http:\/\/www.andreas-edler.de\/grafik\/inntalradweg_20070525\/inntalradweg40_800.jpg\" target=\"Bild\" onclick=\"javascript:window.open('','Bild','width=830, height=650, directories=no, toolbar=no, location=no, menubar=no, scrollbars=no, status=no, resizable=no, dependent=no')\"><img decoding=\"async\" src=\"http:\/\/www.andreas-edler.de\/grafik\/inntalradweg_20070525\/inntalradweg40_250.jpg\" width=\"250\" border=\"0\" alt=\"Der Inn hinter Innsbruck\"><\/a><\/div>\n<p>Sag mal ihr Bahnleute, wollt ihr eure Kunden und Geldgeber mit Ansage ver\u00e4rgern?  Entweder ihr verkauft die verdammten Karten im Zug, oder nicht! Wenn jemand noch auf dem Bahnsteig nach einer Karte fragt, dann will der euch nicht beschei\u00dfen, der will euch Geld geben. Genau wie die Frau, die eine Karte f\u00fcr die n\u00e4chste bis zur \u00fcbern\u00e4chsten Station kauft. Meine Erfahrung nach 2 Tagen Bahnfahren mit dem Rad ist, dass sobald etwas &#8222;au\u00dfer der Reihe&#8220; passiert, die Bahnmenschen einen Flunsch ziehen, unwirsch und bockig werden. So auch als wir von Gars-Bahnhof nach Simbach wollten, daf\u00fcr am Automaten in der Pampa 10,60 Euro zahlten und im Zug erfuhren, dass die Strecke ab Marktl gesperrt ist. Da h\u00e4tten wir doch glatt 2,70 Euro sparen k\u00f6nnen! Von den 5 Euro f\u00fcr das unn\u00f6tige Fahrradticket in Nord-Ost-Bayern mal ganz zu schweigen.<\/p>\n<p>F\u00fcr mich kommt Bahnfahren echt nur im Notfall oder wenn&#8217;s \u00fcberhaupt nicht drauf ankommt in Frage. Bei allen anderen Dingen ist das nervig, \u00e4tzend. Allein diese Fahrradabteile &#8230; die sind chronisch \u00fcberf\u00fcllt, da vergeht einem die Lust am Reisen. Merkt das bei den Betonk\u00f6ppen keiner? Ist es schwierig, einen weiteren Wagen mit Radmitnahmem\u00f6glichkeit anzuh\u00e4ngen? In den anderen Abteilen war zumeist jeder zweite Platz leer. Da ginge durchaus noch was &#8230;<\/p>\n","protected":false},"excerpt":{"rendered":"<p>F\u00fcr die Zugfahrt von Passau nach Innsbruck hatte ich die Tickets bereits in Bad Oeynhausen gekauft. Am Schalter. Ja, das kostet 2 Euro mehr &#8211; aber ich wollte das Papier in H\u00e4nden haben und Bock auf unverst\u00e4ndliche Automaten und unklare &hellip;<\/p>\n<p class=\"read-more\"> <a class=\"more-link\" href=\"https:\/\/www.andreas-edler.de\/blog\/2007\/06\/es-geht-nicht-ums-schwarzfahren\/\"> <span class=\"screen-reader-text\">&#8230; es geht nicht um&#8217;s Schwarzfahren!<\/span> Weiterlesen &raquo;<\/a><\/p>\n","protected":false},"author":1,"featured_media":0,"comment_status":"open","ping_status":"open","sticky":false,"template":"","format":"standard","meta":{"ngg_post_thumbnail":0,"activitypub_content_warning":"","activitypub_content_visibility":"","activitypub_max_image_attachments":2,"activitypub_interaction_policy_quote":"anyone","activitypub_status":"","footnotes":""},"categories":[15,18],"tags":[33,5],"class_list":["post-5620","post","type-post","status-publish","format-standard","hentry","category-fahrrad","category-fraglich","tag-service","tag-unterwegs"],"share_on_mastodon":{"url":"","error":""},"_links":{"self":[{"href":"https:\/\/www.andreas-edler.de\/blog\/wp-json\/wp\/v2\/posts\/5620","targetHints":{"allow":["GET"]}}],"collection":[{"href":"https:\/\/www.andreas-edler.de\/blog\/wp-json\/wp\/v2\/posts"}],"about":[{"href":"https:\/\/www.andreas-edler.de\/blog\/wp-json\/wp\/v2\/types\/post"}],"author":[{"embeddable":true,"href":"https:\/\/www.andreas-edler.de\/blog\/wp-json\/wp\/v2\/users\/1"}],"replies":[{"embeddable":true,"href":"https:\/\/www.andreas-edler.de\/blog\/wp-json\/wp\/v2\/comments?post=5620"}],"version-history":[{"count":0,"href":"https:\/\/www.andreas-edler.de\/blog\/wp-json\/wp\/v2\/posts\/5620\/revisions"}],"wp:attachment":[{"href":"https:\/\/www.andreas-edler.de\/blog\/wp-json\/wp\/v2\/media?parent=5620"}],"wp:term":[{"taxonomy":"category","embeddable":true,"href":"https:\/\/www.andreas-edler.de\/blog\/wp-json\/wp\/v2\/categories?post=5620"},{"taxonomy":"post_tag","embeddable":true,"href":"https:\/\/www.andreas-edler.de\/blog\/wp-json\/wp\/v2\/tags?post=5620"}],"curies":[{"name":"wp","href":"https:\/\/api.w.org\/{rel}","templated":true}]}}