{"id":5618,"date":"2007-06-10T17:26:00","date_gmt":"2007-06-10T16:26:00","guid":{"rendered":"http:\/\/www.andreas-edler.de\/blog\/2007\/06\/bullenhitze\/"},"modified":"2007-06-10T17:26:00","modified_gmt":"2007-06-10T16:26:00","slug":"bullenhitze","status":"publish","type":"post","link":"https:\/\/www.andreas-edler.de\/blog\/2007\/06\/bullenhitze\/","title":{"rendered":"Bullenhitze"},"content":{"rendered":"<div class=\"bild\"><img decoding=\"async\" src=\"http:\/\/www.andreas-edler.de\/grafik\/blog_2007\/20070610_hausecke.jpg\" width=\"250\" alt=\"\"><\/div>\n<p>Heute morgen musste ich erst mal eine Runde mit dem Rad drehen. Wobei &#8222;Morgen&#8220; sicher etwas weiter gefasst ist. Um 10 Uhr bin ich los gefahren &#8211; das ist eher Vormittag. Es war auch schon ganz lecker warm. Ich wollte nach Bielefeld, konnte mich aber nicht so richtig entschlie\u00dfen und bin darum erstmal Richtung Vlotho gefahren, mal sehen, wohin es geht. Auf der Stra\u00dfe zur Autobahnauffahrt Exter bin ich  einfach mal links abgebogen, direkt nach Bad Salzuflen. Ganz nett zu fahren die Strecke, durch Salzuflen durch Richtung Bielefeld und dort von der anderen Seite rein als \u00fcblich. Wie \u00fcblich habe ich am Ziel aber niemanden erreicht ;-)<\/p>\n<p>Zur\u00fcck bin ich meine normale Route \u00fcber Herford und dann \u00fcber den Wittel gefahren. Ein bi\u00dfchen Lachen musste ich, als ich am Ortseingang (bzw. Ausgang, ich hab&#8217;s erst beim Rausfahren gesehen) las, dass Herford sich nun &#8222;fahrradfreundliche Stadt&#8220; schimpfen darf. Wenn Herford das darf, dann aber Oeynhausen erst recht. Die Herforder wissen doch mit Fahrr\u00e4dern im Stra\u00dfenverkehr nun gar nichts anzufangen &#8211; so wie man dort be- und abgedr\u00e4ngt wird. Und die benutzungspflichtigen Radwege die ich dort bisher gesehen und gemieden habe, sind allesamt in einem erb\u00e4rmlichen Zustand. Wo da wohl die Fahrradfreundlichkeit ist?<\/p>\n<p>Trotzdem eine sch\u00f6ne Runde!<\/p>\n<p>70 Km | 24 Km\/h Schnitt | 47 Km\/h max. | 29\u00b0C. | 410 H\u00f6henmeter<\/p>\n<p align=\"center\"><img decoding=\"async\" src=\"http:\/\/www.andreas-edler.de\/grafik\/blog_2007\/20070610_profil.gif\" width=\"470\" alt=\"\"><\/p>\n","protected":false},"excerpt":{"rendered":"<p>Heute morgen musste ich erst mal eine Runde mit dem Rad drehen. Wobei &#8222;Morgen&#8220; sicher etwas weiter gefasst ist. Um 10 Uhr bin ich los gefahren &#8211; das ist eher Vormittag. Es war auch schon ganz lecker warm. Ich wollte &hellip;<\/p>\n<p class=\"read-more\"> <a class=\"more-link\" href=\"https:\/\/www.andreas-edler.de\/blog\/2007\/06\/bullenhitze\/\"> <span class=\"screen-reader-text\">Bullenhitze<\/span> Weiterlesen &raquo;<\/a><\/p>\n","protected":false},"author":1,"featured_media":0,"comment_status":"open","ping_status":"open","sticky":false,"template":"","format":"standard","meta":{"ngg_post_thumbnail":0,"activitypub_content_warning":"","activitypub_content_visibility":"","activitypub_max_image_attachments":2,"activitypub_interaction_policy_quote":"anyone","activitypub_status":"","footnotes":""},"categories":[15],"tags":[],"class_list":["post-5618","post","type-post","status-publish","format-standard","hentry","category-fahrrad"],"share_on_mastodon":{"url":"","error":""},"_links":{"self":[{"href":"https:\/\/www.andreas-edler.de\/blog\/wp-json\/wp\/v2\/posts\/5618","targetHints":{"allow":["GET"]}}],"collection":[{"href":"https:\/\/www.andreas-edler.de\/blog\/wp-json\/wp\/v2\/posts"}],"about":[{"href":"https:\/\/www.andreas-edler.de\/blog\/wp-json\/wp\/v2\/types\/post"}],"author":[{"embeddable":true,"href":"https:\/\/www.andreas-edler.de\/blog\/wp-json\/wp\/v2\/users\/1"}],"replies":[{"embeddable":true,"href":"https:\/\/www.andreas-edler.de\/blog\/wp-json\/wp\/v2\/comments?post=5618"}],"version-history":[{"count":0,"href":"https:\/\/www.andreas-edler.de\/blog\/wp-json\/wp\/v2\/posts\/5618\/revisions"}],"wp:attachment":[{"href":"https:\/\/www.andreas-edler.de\/blog\/wp-json\/wp\/v2\/media?parent=5618"}],"wp:term":[{"taxonomy":"category","embeddable":true,"href":"https:\/\/www.andreas-edler.de\/blog\/wp-json\/wp\/v2\/categories?post=5618"},{"taxonomy":"post_tag","embeddable":true,"href":"https:\/\/www.andreas-edler.de\/blog\/wp-json\/wp\/v2\/tags?post=5618"}],"curies":[{"name":"wp","href":"https:\/\/api.w.org\/{rel}","templated":true}]}}