{"id":5611,"date":"2007-06-04T21:32:00","date_gmt":"2007-06-04T20:32:00","guid":{"rendered":"http:\/\/www.andreas-edler.de\/blog\/2007\/06\/wieder-leiser\/"},"modified":"2007-06-04T21:32:00","modified_gmt":"2007-06-04T20:32:00","slug":"wieder-leiser","status":"publish","type":"post","link":"https:\/\/www.andreas-edler.de\/blog\/2007\/06\/wieder-leiser\/","title":{"rendered":"Wieder leiser"},"content":{"rendered":"<div class=\"bild\"><img decoding=\"async\" src=\"http:\/\/www.andreas-edler.de\/grafik\/blog_2007\/20070604_plattendaemmung.jpg\" width=\"300\" alt=\"Festplatten in Akustikschaumstoff\"><\/div>\n<p>Da h\u00e4tte ich auch mal fr\u00fcher drauf kommen k\u00f6nnen! Ich mag &#8222;Ger\u00e4uschkulisse&#8220; vom PC her gar nicht. Nur so richtig tonlos war&#8217;s glaube ich das letzte Mal beim Amiga. Danach jammerten immer irgendwelche L\u00fcfter rum. Je h\u00f6her die Taktrate der Rechner wurde, desto schlimmer. Und die Fetsplatten tun mit ihrem Gekreische ein \u00fcbriges (bin ich froh, dass die SCSI-Dinger nur im Serverraum verbaut sind).<\/p>\n<p>Nun hatte ich die Kiste unter dem Schreibtisch schon mit &#8217;nem schicken Geh\u00e4usel\u00fcfter und einem <a href=\"http:\/\/www.andreas-edler.de\/2006\/11\/thermaltake-sonic-tower-4-in-1.php\">passiven CPU-K\u00fchler<\/a> sowie einer <a href=\"http:\/\/www.andreas-edler.de\/2006\/12\/noch-mehr-khlung.php\">passiven Grafikkarte<\/a> versehen, aber zufrieden war ich immer noch nicht. Ist halt ein billiges Geh\u00e4use und auch der Einsatz von Bitumenplatten brachte noch nicht den erhofften Erfolg. Da vibrierte immer noch was, wenn man die Finger auf das Geh\u00e4use legte und das brummt dann nat\u00fcrlich <s>infernalisch<\/s> h\u00f6rbar. Im Keller fielen mir dann eben ein paar Streifen Restschaumstoff in die H\u00e4nde und mit einem Teppichmesser hatte ich die schnell in passende St\u00fccke geschnitten und im Geh\u00e4use verteilt.<\/p>\n<p>W\u00e4r&#8216; mir das blo\u00df mal eher eingefallen! Jetzt h\u00f6re ich wirklich nur noch die beiden L\u00fcfter rauschen. Und der Pentium 805 D 2.66 l\u00e4uft mit 3.2 Ghz und 38\u00b0C vor sich hin. Schick.<\/p>\n","protected":false},"excerpt":{"rendered":"<p>Da h\u00e4tte ich auch mal fr\u00fcher drauf kommen k\u00f6nnen! Ich mag &#8222;Ger\u00e4uschkulisse&#8220; vom PC her gar nicht. Nur so richtig tonlos war&#8217;s glaube ich das letzte Mal beim Amiga. Danach jammerten immer irgendwelche L\u00fcfter rum. Je h\u00f6her die Taktrate der &hellip;<\/p>\n<p class=\"read-more\"> <a class=\"more-link\" href=\"https:\/\/www.andreas-edler.de\/blog\/2007\/06\/wieder-leiser\/\"> <span class=\"screen-reader-text\">Wieder leiser<\/span> Weiterlesen &raquo;<\/a><\/p>\n","protected":false},"author":1,"featured_media":0,"comment_status":"open","ping_status":"open","sticky":false,"template":"","format":"standard","meta":{"ngg_post_thumbnail":0,"activitypub_content_warning":"","activitypub_content_visibility":"","activitypub_max_image_attachments":2,"activitypub_interaction_policy_quote":"anyone","activitypub_status":"","footnotes":""},"categories":[22],"tags":[24,49],"class_list":["post-5611","post","type-post","status-publish","format-standard","hentry","category-basteln","tag-computer","tag-hardware"],"share_on_mastodon":{"url":"","error":""},"_links":{"self":[{"href":"https:\/\/www.andreas-edler.de\/blog\/wp-json\/wp\/v2\/posts\/5611","targetHints":{"allow":["GET"]}}],"collection":[{"href":"https:\/\/www.andreas-edler.de\/blog\/wp-json\/wp\/v2\/posts"}],"about":[{"href":"https:\/\/www.andreas-edler.de\/blog\/wp-json\/wp\/v2\/types\/post"}],"author":[{"embeddable":true,"href":"https:\/\/www.andreas-edler.de\/blog\/wp-json\/wp\/v2\/users\/1"}],"replies":[{"embeddable":true,"href":"https:\/\/www.andreas-edler.de\/blog\/wp-json\/wp\/v2\/comments?post=5611"}],"version-history":[{"count":0,"href":"https:\/\/www.andreas-edler.de\/blog\/wp-json\/wp\/v2\/posts\/5611\/revisions"}],"wp:attachment":[{"href":"https:\/\/www.andreas-edler.de\/blog\/wp-json\/wp\/v2\/media?parent=5611"}],"wp:term":[{"taxonomy":"category","embeddable":true,"href":"https:\/\/www.andreas-edler.de\/blog\/wp-json\/wp\/v2\/categories?post=5611"},{"taxonomy":"post_tag","embeddable":true,"href":"https:\/\/www.andreas-edler.de\/blog\/wp-json\/wp\/v2\/tags?post=5611"}],"curies":[{"name":"wp","href":"https:\/\/api.w.org\/{rel}","templated":true}]}}