{"id":5608,"date":"2007-06-03T10:00:00","date_gmt":"2007-06-03T08:00:00","guid":{"rendered":"http:\/\/www.andreas-edler.de\/blog\/2007\/06\/der-letzte-seiner-art\/"},"modified":"2013-11-02T12:08:04","modified_gmt":"2013-11-02T11:08:04","slug":"der-letzte-seiner-art","status":"publish","type":"post","link":"https:\/\/www.andreas-edler.de\/blog\/2007\/06\/der-letzte-seiner-art\/","title":{"rendered":"Der letzte seiner Art"},"content":{"rendered":"<p><iframe src=\"http:\/\/rcm-de.amazon.de\/e\/cm?t=filmfacts-21&#038;o=3&#038;p=8&#038;l=as1&#038;asins=3404153057&#038;fc1=000000&#038;IS2=1&#038;lt1=_blank&#038;lc1=0000FF&#038;bc1=000000&#038;bg1=FFFFFF&#038;f=ifr\" style=\"width:120px;height:240px;float:right;\" scrolling=\"no\" marginwidth=\"0\" marginheight=\"0\" frameborder=\"0\"><\/iframe>In den letzten Wochen lese ich wieder ein bi\u00dfchen mehr. Habe ich fr\u00fcher B\u00fccher verschlungen (ich habe kartonweise &#8222;Utopia Classics&#8220; auf dem Dachboden), bin ich irgendwann dazu \u00fcbergegangen, nur noch Nachrichten und T\u00fcdel\u00fct im Netz zu lesen. Dabei ist so ein Buch in der Hand eigentlich ganz angenehm. <a href=\"http:\/\/www.andreas-edler.de\/2007\/04\/die-hyperion-gesnge.php\">Die Hyperion Ges\u00e4nge<\/a> habe ich zur H\u00e4lfte durch und da habe ich dann mal ein Buch zwischendurch eingeschoben.<\/p>\n<p>Andreas Eschbachs &#8222;Der letzte seiner Art&#8220;. Steht Thriller drauf und ich bin geneigt, Science-Fiction anzuh\u00e4ngen. Auch wenn keine Raumschiffe, keine Laserschwerter und nichts au\u00dferirdisches drin vorkommt. Der Roman spielt nicht einmal in der Zukunft.<\/p>\n<p>Allerdings gibt es die beschriebene Technologie derzeit wohl noch nicht. Und selbst da bin ich mir nicht so sicher, womit das &#8222;Fiction&#8220; schon wieder fraglich ist. Sehr spannendes und unterhaltsam geschriebenes Buch \u00fcber einen Cyborg im Ruhestand und dessen Probleme mit seinen Um- und Anbauten. Und um das &#8222;Thriller&#8220; zu rechtfertigen tauchen dann auch noch reichlich in schwarze Anz\u00fcge mit Sonnenbrillen gekleidete Herren auf, die seinen Ruhestand empfindlich st\u00f6ren &#8230;<\/p>\n<p>Lesenswert.<\/p>\n","protected":false},"excerpt":{"rendered":"<p>In den letzten Wochen lese ich wieder ein bi\u00dfchen mehr. Habe ich fr\u00fcher B\u00fccher verschlungen (ich habe kartonweise &#8222;Utopia Classics&#8220; auf dem Dachboden), bin ich irgendwann dazu \u00fcbergegangen, nur noch Nachrichten und T\u00fcdel\u00fct im Netz zu lesen. Dabei ist so &hellip;<\/p>\n<p class=\"read-more\"> <a class=\"more-link\" href=\"https:\/\/www.andreas-edler.de\/blog\/2007\/06\/der-letzte-seiner-art\/\"> <span class=\"screen-reader-text\">Der letzte seiner Art<\/span> Weiterlesen &raquo;<\/a><\/p>\n","protected":false},"author":1,"featured_media":0,"comment_status":"open","ping_status":"open","sticky":false,"template":"","format":"standard","meta":{"ngg_post_thumbnail":0,"activitypub_content_warning":"","activitypub_content_visibility":"","activitypub_max_image_attachments":2,"activitypub_interaction_policy_quote":"anyone","activitypub_status":"","footnotes":""},"categories":[1],"tags":[58],"class_list":["post-5608","post","type-post","status-publish","format-standard","hentry","category-allgemein","tag-lesen"],"share_on_mastodon":{"url":"","error":""},"_links":{"self":[{"href":"https:\/\/www.andreas-edler.de\/blog\/wp-json\/wp\/v2\/posts\/5608","targetHints":{"allow":["GET"]}}],"collection":[{"href":"https:\/\/www.andreas-edler.de\/blog\/wp-json\/wp\/v2\/posts"}],"about":[{"href":"https:\/\/www.andreas-edler.de\/blog\/wp-json\/wp\/v2\/types\/post"}],"author":[{"embeddable":true,"href":"https:\/\/www.andreas-edler.de\/blog\/wp-json\/wp\/v2\/users\/1"}],"replies":[{"embeddable":true,"href":"https:\/\/www.andreas-edler.de\/blog\/wp-json\/wp\/v2\/comments?post=5608"}],"version-history":[{"count":0,"href":"https:\/\/www.andreas-edler.de\/blog\/wp-json\/wp\/v2\/posts\/5608\/revisions"}],"wp:attachment":[{"href":"https:\/\/www.andreas-edler.de\/blog\/wp-json\/wp\/v2\/media?parent=5608"}],"wp:term":[{"taxonomy":"category","embeddable":true,"href":"https:\/\/www.andreas-edler.de\/blog\/wp-json\/wp\/v2\/categories?post=5608"},{"taxonomy":"post_tag","embeddable":true,"href":"https:\/\/www.andreas-edler.de\/blog\/wp-json\/wp\/v2\/tags?post=5608"}],"curies":[{"name":"wp","href":"https:\/\/api.w.org\/{rel}","templated":true}]}}