{"id":5593,"date":"2007-05-17T19:45:00","date_gmt":"2007-05-17T18:45:00","guid":{"rendered":"http:\/\/www.andreas-edler.de\/blog\/2007\/05\/vaude-trans-alp-plus-ii\/"},"modified":"2007-05-17T19:45:00","modified_gmt":"2007-05-17T18:45:00","slug":"vaude-trans-alp-plus-ii","status":"publish","type":"post","link":"https:\/\/www.andreas-edler.de\/blog\/2007\/05\/vaude-trans-alp-plus-ii\/","title":{"rendered":"Vaude Trans Alp Plus II"},"content":{"rendered":"<p>Nachdem ich den Vatertag nicht zwischen den bepickelten Saufnasen auf der Stra\u00dfe verbracht habe, sondern als echter Vater mit dem Sohn und der Frau zum Schwimmen war, habe ich eben ein paar Megabyte-Traffic auf der Suche nach Fahrradpacktaschen verbraucht.<\/p>\n<p>Als Ergebnis habe ich &#8211; zumindest bis ich morgen im Laden stehe &#8211; die <a href=\"http:\/\/www.vaude.de\/hps\/client\/vaude\/public\/vdshop\/katalog_production_bag.hbs?hxmain_object_id=VDSHOP::CMI24::1804&#038;hxmain_category=vaude_article_cms_endkunde::vdcms::vaude::\/produkte\/1\/1586\/1777\/1798\/1804\">Vaude Trans Alp Plus II<\/a> bekommen. Die beiden Mitfahrer haben sich Ortliebs an die Gep\u00e4cktr\u00e4ger geschnallt, aber eigentlich bin ich mit meinen NoName-Taschen sehr zufrieden. Allerdings behauptet Wetter.com, wir w\u00fcrden durchaus nicht nur Sonnenschein erleben. Und wasserdicht sind meine Beh\u00e4ltnisse definitiv nicht. Au\u00dferdem schadet es nicht, wenn man zwei S\u00e4tze Packtaschen hat &#8211; falls wir mit der Familie jetzt auch mal &#8217;ne Tour machen.<\/p>\n<p>Die Vaude scheinen mir gegen\u00fcber den Ortliebs den Vorteil zu haben, dass sie bei gleichem Preis eine zus\u00e4tzliche Fronttasche besitzen. Gerade die vielen kleinen F\u00e4cher finde ich bei meinen derzeitigen Packtaschen so praktisch. Weiterhin haben die &#8222;Trans Alp&#8220; Taschen nicht diesen Rollverschlu\u00df. Ich m\u00f6chte zwar regendichte Taschen, aber tauchen mu\u00df ich damit nicht k\u00f6nnen! Und von einem herk\u00f6mmlichen, \u00fcberlappenden Deckel verspreche ich mir ein bi\u00dfchen mehr Komfort beim Ein- und Auspacken &#8230; gerade auch unterwegs.<\/p>\n<p>Hoffentlich hat der Radladen die auf Lager &#8211; oder kann sie sehr zeitnah besorgen. Hat ja schonmal nicht geklappt :-\/ Das Sch\u00f6nste ist wieder mal die Vorfreude :-)<\/p>\n","protected":false},"excerpt":{"rendered":"<p>Nachdem ich den Vatertag nicht zwischen den bepickelten Saufnasen auf der Stra\u00dfe verbracht habe, sondern als echter Vater mit dem Sohn und der Frau zum Schwimmen war, habe ich eben ein paar Megabyte-Traffic auf der Suche nach Fahrradpacktaschen verbraucht. Als &hellip;<\/p>\n<p class=\"read-more\"> <a class=\"more-link\" href=\"https:\/\/www.andreas-edler.de\/blog\/2007\/05\/vaude-trans-alp-plus-ii\/\"> <span class=\"screen-reader-text\">Vaude Trans Alp Plus II<\/span> Weiterlesen &raquo;<\/a><\/p>\n","protected":false},"author":1,"featured_media":0,"comment_status":"open","ping_status":"open","sticky":false,"template":"","format":"standard","meta":{"ngg_post_thumbnail":0,"activitypub_content_warning":"","activitypub_content_visibility":"","activitypub_max_image_attachments":2,"activitypub_interaction_policy_quote":"anyone","activitypub_status":"","footnotes":""},"categories":[15],"tags":[52,27],"class_list":["post-5593","post","type-post","status-publish","format-standard","hentry","category-fahrrad","tag-inntalradweg","tag-tools"],"share_on_mastodon":{"url":"","error":""},"_links":{"self":[{"href":"https:\/\/www.andreas-edler.de\/blog\/wp-json\/wp\/v2\/posts\/5593","targetHints":{"allow":["GET"]}}],"collection":[{"href":"https:\/\/www.andreas-edler.de\/blog\/wp-json\/wp\/v2\/posts"}],"about":[{"href":"https:\/\/www.andreas-edler.de\/blog\/wp-json\/wp\/v2\/types\/post"}],"author":[{"embeddable":true,"href":"https:\/\/www.andreas-edler.de\/blog\/wp-json\/wp\/v2\/users\/1"}],"replies":[{"embeddable":true,"href":"https:\/\/www.andreas-edler.de\/blog\/wp-json\/wp\/v2\/comments?post=5593"}],"version-history":[{"count":0,"href":"https:\/\/www.andreas-edler.de\/blog\/wp-json\/wp\/v2\/posts\/5593\/revisions"}],"wp:attachment":[{"href":"https:\/\/www.andreas-edler.de\/blog\/wp-json\/wp\/v2\/media?parent=5593"}],"wp:term":[{"taxonomy":"category","embeddable":true,"href":"https:\/\/www.andreas-edler.de\/blog\/wp-json\/wp\/v2\/categories?post=5593"},{"taxonomy":"post_tag","embeddable":true,"href":"https:\/\/www.andreas-edler.de\/blog\/wp-json\/wp\/v2\/tags?post=5593"}],"curies":[{"name":"wp","href":"https:\/\/api.w.org\/{rel}","templated":true}]}}