{"id":5579,"date":"2007-05-06T12:44:00","date_gmt":"2007-05-06T11:44:00","guid":{"rendered":"http:\/\/www.andreas-edler.de\/blog\/2007\/05\/nachbesserungsarbeiten\/"},"modified":"2007-05-06T12:44:00","modified_gmt":"2007-05-06T11:44:00","slug":"nachbesserungsarbeiten","status":"publish","type":"post","link":"https:\/\/www.andreas-edler.de\/blog\/2007\/05\/nachbesserungsarbeiten\/","title":{"rendered":"Nachbesserungsarbeiten"},"content":{"rendered":"<p>Ich bekomme gerade im Fr\u00fchjahr, wenn die Sonne rauskommt und das Kraut an den unpassendsten Stellen wuchert, vermehrt Fragen nach unserer <a href=\"http:\/\/www.andreas-edler.de\/holzterrasse.php\">Holzterrasse<\/a>. Und ich beantworte jede &#8211; auch wenn da meist kein Danke oder sonst eine Antwort kommt. Und wenn ich dann gefragt werde, ob ich alles noch mal so bauen w\u00fcrde, schreibe ich jedesmal &#8222;Ja, sicher!&#8220;.<\/p>\n<p>Aber ich sage auch, dass ich beim Bau an einer Stelle zu <s>faul<\/s> unerfahren war und daher nachbessern mu\u00df. Was gestern dann auch geschah.<\/p>\n<p align=\"center\"><img decoding=\"async\" src=\"http:\/\/www.andreas-edler.de\/grafik\/blog_2007\/20070505_holzterrasse_1.jpg\" width=\"470\" alt=\"\"><\/p>\n<p>Ich habe den Bangkiraibelag der Terrasse von oben nicht verschraubt, sondern gro\u00dfe Elemente gebaut, die durch ihr Eigengwicht recht fest liegen. Leider habe ich die Querverlattung von unten sehr sparsam ausgef\u00fchrt. Bei den langen Elementen reichen 3 Querlatten einfach nicht. Das Bangkirai-Holz verzieht sich bei Sonneneinstrahlung und entsprechender W\u00e4rme sehr stark und so standen die Kanten von einigen Brettern teilweise bis zu einem Zentimeter in die Luft. Also habe ich das g\u00f6\u00dfte Element gestern hoch genommen und aus den Restbrettern (von denen noch reichlich vorhanden sind) kleine Leisten ges\u00e4gt.<\/p>\n<p align=\"center\"><img decoding=\"async\" src=\"http:\/\/www.andreas-edler.de\/grafik\/blog_2007\/20070505_holzterrasse_2.jpg\" width=\"470\" alt=\"\"><\/p>\n<p>Die wurden von unten auf die Belagbretter geschraubt, so dass nun 5 statt nur 3 Querlatten f\u00fcr einen geraden Verlauf sorgen. Hat prima funktioniert. Ich werde die restliche Terrasse in der gleichen Art aufbessern, aber leider hatte ich gestern meinen Vorrat an passenden Edelstahlschrauben \u00fcbersch\u00e4tzt. Die reichten nicht &#8211; und der Sammelpack au dem Aldi hatte zwar alle m\u00f6glichen Sorten im Plastikkasten, aber leider nicht solche in richtiger L\u00e4nge. Aber es kommen sicher noch sch\u00f6ne Sonnentage zum Basteln.<\/p>\n<p align=\"center\"><img decoding=\"async\" src=\"http:\/\/www.andreas-edler.de\/grafik\/blog_2007\/20070505_holzterrasse_3.jpg\" width=\"470\" alt=\"\"><\/p>\n<p>Sch\u00f6n zu sehen, dass unter dem Holz noch nicht ein Zuppelchen Kraut durch den Schotter gekommen ist. So war&#8217;s gedacht. Pikobello sauber unter dem Holz. Keine Ratten, keine M\u00e4use, kein Dreck und keine verlorenen Spielsachen. Der einzige, der mir bei der Bastelei \u00fcber den Weg lief, ist Spider-Man &#8230;<\/p>\n<p align=\"center\"><img decoding=\"async\" src=\"http:\/\/www.andreas-edler.de\/grafik\/blog_2007\/20070505_holzterrasse_4.jpg\" width=\"470\" alt=\"\"><\/p>\n","protected":false},"excerpt":{"rendered":"<p>Ich bekomme gerade im Fr\u00fchjahr, wenn die Sonne rauskommt und das Kraut an den unpassendsten Stellen wuchert, vermehrt Fragen nach unserer Holzterrasse. Und ich beantworte jede &#8211; auch wenn da meist kein Danke oder sonst eine Antwort kommt. Und wenn &hellip;<\/p>\n<p class=\"read-more\"> <a class=\"more-link\" href=\"https:\/\/www.andreas-edler.de\/blog\/2007\/05\/nachbesserungsarbeiten\/\"> <span class=\"screen-reader-text\">Nachbesserungsarbeiten<\/span> Weiterlesen &raquo;<\/a><\/p>\n","protected":false},"author":1,"featured_media":0,"comment_status":"open","ping_status":"open","sticky":false,"template":"","format":"standard","meta":{"ngg_post_thumbnail":0,"activitypub_content_warning":"","activitypub_content_visibility":"","activitypub_max_image_attachments":2,"activitypub_interaction_policy_quote":"anyone","activitypub_status":"","footnotes":""},"categories":[22],"tags":[38,26],"class_list":["post-5579","post","type-post","status-publish","format-standard","hentry","category-basteln","tag-haus","tag-holzterrasse"],"share_on_mastodon":{"url":"","error":""},"_links":{"self":[{"href":"https:\/\/www.andreas-edler.de\/blog\/wp-json\/wp\/v2\/posts\/5579","targetHints":{"allow":["GET"]}}],"collection":[{"href":"https:\/\/www.andreas-edler.de\/blog\/wp-json\/wp\/v2\/posts"}],"about":[{"href":"https:\/\/www.andreas-edler.de\/blog\/wp-json\/wp\/v2\/types\/post"}],"author":[{"embeddable":true,"href":"https:\/\/www.andreas-edler.de\/blog\/wp-json\/wp\/v2\/users\/1"}],"replies":[{"embeddable":true,"href":"https:\/\/www.andreas-edler.de\/blog\/wp-json\/wp\/v2\/comments?post=5579"}],"version-history":[{"count":0,"href":"https:\/\/www.andreas-edler.de\/blog\/wp-json\/wp\/v2\/posts\/5579\/revisions"}],"wp:attachment":[{"href":"https:\/\/www.andreas-edler.de\/blog\/wp-json\/wp\/v2\/media?parent=5579"}],"wp:term":[{"taxonomy":"category","embeddable":true,"href":"https:\/\/www.andreas-edler.de\/blog\/wp-json\/wp\/v2\/categories?post=5579"},{"taxonomy":"post_tag","embeddable":true,"href":"https:\/\/www.andreas-edler.de\/blog\/wp-json\/wp\/v2\/tags?post=5579"}],"curies":[{"name":"wp","href":"https:\/\/api.w.org\/{rel}","templated":true}]}}