{"id":5561,"date":"2007-04-25T22:04:00","date_gmt":"2007-04-25T21:04:00","guid":{"rendered":"http:\/\/www.andreas-edler.de\/blog\/2007\/04\/trainingseinheit-mit-gastfahrer\/"},"modified":"2007-04-25T22:04:00","modified_gmt":"2007-04-25T21:04:00","slug":"trainingseinheit-mit-gastfahrer","status":"publish","type":"post","link":"https:\/\/www.andreas-edler.de\/blog\/2007\/04\/trainingseinheit-mit-gastfahrer\/","title":{"rendered":"Trainingseinheit mit Gastfahrer"},"content":{"rendered":"<p>Vor einigen Jahren sind Michael und ich des\u00f6fteren mal zusammen geradelt. Studiumbedingt ist das dann eingeschlafen und ich mag es eigentlich auch, wenn ich nur auf mich achten mu\u00df und genau so schnell fahre, wie es mir gerade passt.<\/p>\n<p>Vorhin war ich aber kurz bei Michael vorbei, sein Rad stand da rum und so ist er &#8217;ne halbe Stunde sp\u00e4ter mit mir gefahren. Nur eine ganz kleine Runde \u00fcber Wulfsen hoch nach Bergkirchen, dahinter runter und an der Lutternschen Egge wieder hoch. Hab&#8216; ich ja vorgestern schon angek\u00fcndigt. Das macht tats\u00e4chlich Spa\u00df. Und Michi behauptet zwar, nicht in Form zu sein (und ist wahrscheinlich dieses Jahr wirklich noch keine 50 Kilometer gefahren), f\u00e4hrt mir aber locker davon :-( Ich bin zu fett!<\/p>\n<p>Hoch zur Lutternschen Egge haben wir wenigstens noch jemanden \u00fcberholt und ich bin da auch an seinem Hinterrad geblieben, aber noch mal 30 H\u00f6henmeter in dem Tempo und ich w\u00e4re umgekippt ;-) Und dabei raucht der Kerl auch noch 3 Schachteln die Woche!<\/p>\n<p>22,7 Km | 23,8 Km\/h Schnitt | 56,2 Km\/h max. | 296 H\u00f6henmeter | <a href=\"http:\/\/www.andreas-edler.de\/grafik\/blog_2007\/20070425_feierabendrunde.kmz\">Google-KMZ<\/a><\/p>\n<p align=\"center\"><img decoding=\"async\" src=\"http:\/\/www.andreas-edler.de\/grafik\/blog_2007\/20070425_profil.gif\" alt=\"\"><\/p>\n","protected":false},"excerpt":{"rendered":"<p>Vor einigen Jahren sind Michael und ich des\u00f6fteren mal zusammen geradelt. Studiumbedingt ist das dann eingeschlafen und ich mag es eigentlich auch, wenn ich nur auf mich achten mu\u00df und genau so schnell fahre, wie es mir gerade passt. Vorhin &hellip;<\/p>\n<p class=\"read-more\"> <a class=\"more-link\" href=\"https:\/\/www.andreas-edler.de\/blog\/2007\/04\/trainingseinheit-mit-gastfahrer\/\"> <span class=\"screen-reader-text\">Trainingseinheit mit Gastfahrer<\/span> Weiterlesen &raquo;<\/a><\/p>\n","protected":false},"author":1,"featured_media":0,"comment_status":"open","ping_status":"open","sticky":false,"template":"","format":"standard","meta":{"ngg_post_thumbnail":0,"activitypub_content_warning":"","activitypub_content_visibility":"","activitypub_max_image_attachments":2,"activitypub_interaction_policy_quote":"anyone","activitypub_status":"","footnotes":""},"categories":[15],"tags":[],"class_list":["post-5561","post","type-post","status-publish","format-standard","hentry","category-fahrrad"],"share_on_mastodon":{"url":"","error":""},"_links":{"self":[{"href":"https:\/\/www.andreas-edler.de\/blog\/wp-json\/wp\/v2\/posts\/5561","targetHints":{"allow":["GET"]}}],"collection":[{"href":"https:\/\/www.andreas-edler.de\/blog\/wp-json\/wp\/v2\/posts"}],"about":[{"href":"https:\/\/www.andreas-edler.de\/blog\/wp-json\/wp\/v2\/types\/post"}],"author":[{"embeddable":true,"href":"https:\/\/www.andreas-edler.de\/blog\/wp-json\/wp\/v2\/users\/1"}],"replies":[{"embeddable":true,"href":"https:\/\/www.andreas-edler.de\/blog\/wp-json\/wp\/v2\/comments?post=5561"}],"version-history":[{"count":0,"href":"https:\/\/www.andreas-edler.de\/blog\/wp-json\/wp\/v2\/posts\/5561\/revisions"}],"wp:attachment":[{"href":"https:\/\/www.andreas-edler.de\/blog\/wp-json\/wp\/v2\/media?parent=5561"}],"wp:term":[{"taxonomy":"category","embeddable":true,"href":"https:\/\/www.andreas-edler.de\/blog\/wp-json\/wp\/v2\/categories?post=5561"},{"taxonomy":"post_tag","embeddable":true,"href":"https:\/\/www.andreas-edler.de\/blog\/wp-json\/wp\/v2\/tags?post=5561"}],"curies":[{"name":"wp","href":"https:\/\/api.w.org\/{rel}","templated":true}]}}