{"id":5559,"date":"2007-04-25T15:45:00","date_gmt":"2007-04-25T14:45:00","guid":{"rendered":"http:\/\/www.andreas-edler.de\/blog\/2007\/04\/radfahren-ist-gut\/"},"modified":"2007-04-25T15:45:00","modified_gmt":"2007-04-25T14:45:00","slug":"radfahren-ist-gut","status":"publish","type":"post","link":"https:\/\/www.andreas-edler.de\/blog\/2007\/04\/radfahren-ist-gut\/","title":{"rendered":"Radfahren ist gut"},"content":{"rendered":"<p>Allerdings mu\u00df ich das vielfach auf Radwegen tun. Und das ist mir zu unsicher! Unsicher deshalb, weil man auf diesen aus dem Sichtfeld der Autofahrer ist und an Einm\u00fcndungen und Hofeinfahrten gnadenlos \u00fcberrollt wird. <a href=\"http:\/\/www.andreas-edler.de\/2004\/04\/und-ich-sach-zu-meinen-kollegen-noch.html\">Ich wiederhole mich, wenn ich erw\u00e4hne dass ich auf Radwegen bereits zweimal angefahren wurde<\/a>, auf der Fahrbahn noch nie. Selbst eingefleischte Radwegfanatiker haben mir in Gespr\u00e4chen zugestimmt, dass man auf Radwegen erh\u00f6hte Aufmerksamkeit walten lassen muss. Warum sie dann nicht auf der sicheren Fahrbahn fahren, konnten sie mir nicht erkl\u00e4ren &#8222;Wir m\u00fcssen ja ein Vorbild f\u00fcr die Kinder sein!&#8220; &#8211; Inwiefern? &#8211; Im Umfahren lassen durch Autos?<\/p>\n<p>M\u00fcssen neuerdings ja nicht mal Autos sein! Das Saarland tut alles daf\u00fcr, es auf Radwegen noch einmal eine Nummer ungem\u00fctlicher zu machen. Dort darf man &#8211; und es sieht so aus, als wenn das bald bundesweit erlaubt ist &#8211; mit einem <a href=\"http:\/\/www.segway.de\/\">Segway<\/a> auf Rad- und Gehwegen fahren.<\/p>\n<div class=\"postzitat\"><b><a href=\"http:\/\/www.heise.de\/newsticker\/meldung\/88811\/from\/rss09\">heise online vom 25.04.2007 12:22<\/a><\/b> &#8230; Der Segway, ein sich selbst ausbalancierender Roller, der an eine Sackkarre erinnert, durfte bislang in Deutschland nicht auf \u00f6ffentlichen Wegen benutzt werden. Dieses generelle Verbot weicht auf, da das Innenministerium des Saarlandes ab heute die Nutzung des Segway Personal Transporter im \u00f6ffentlichen Verkehrsraum erlaubt hat. Er kann nun auf Radwegen, in angemessener Geschwindigkeit auf Fu\u00dfwegen, in Tempo-30-Zonen und sonstigen inner\u00f6rtlichen Fahrbahnen ohne Rad- oder Fu\u00dfweg gefahren werden &#8230;<\/div>\n<p>Ich mu\u00df also nicht nur auf d\u00e4mliche Autofahrer achten, wenn ich auf einem Radweg unterwegs bin. Nein, zu den reichlich vorhanden Geisterradlern gesellen sich von nun an auch noch schunkelnde, zweispurige Fahrzeuge, die unbeholfen durch die Gegend man\u00f6vriert werden. Klasse!<\/p>\n","protected":false},"excerpt":{"rendered":"<p>Allerdings mu\u00df ich das vielfach auf Radwegen tun. Und das ist mir zu unsicher! Unsicher deshalb, weil man auf diesen aus dem Sichtfeld der Autofahrer ist und an Einm\u00fcndungen und Hofeinfahrten gnadenlos \u00fcberrollt wird. Ich wiederhole mich, wenn ich erw\u00e4hne &hellip;<\/p>\n<p class=\"read-more\"> <a class=\"more-link\" href=\"https:\/\/www.andreas-edler.de\/blog\/2007\/04\/radfahren-ist-gut\/\"> <span class=\"screen-reader-text\">Radfahren ist gut<\/span> Weiterlesen &raquo;<\/a><\/p>\n","protected":false},"author":1,"featured_media":0,"comment_status":"open","ping_status":"open","sticky":false,"template":"","format":"standard","meta":{"ngg_post_thumbnail":0,"activitypub_content_warning":"","activitypub_content_visibility":"","activitypub_max_image_attachments":2,"activitypub_interaction_policy_quote":"anyone","activitypub_status":"","footnotes":""},"categories":[15,18,13],"tags":[],"class_list":["post-5559","post","type-post","status-publish","format-standard","hentry","category-fahrrad","category-fraglich","category-verkehr"],"share_on_mastodon":{"url":"","error":""},"_links":{"self":[{"href":"https:\/\/www.andreas-edler.de\/blog\/wp-json\/wp\/v2\/posts\/5559","targetHints":{"allow":["GET"]}}],"collection":[{"href":"https:\/\/www.andreas-edler.de\/blog\/wp-json\/wp\/v2\/posts"}],"about":[{"href":"https:\/\/www.andreas-edler.de\/blog\/wp-json\/wp\/v2\/types\/post"}],"author":[{"embeddable":true,"href":"https:\/\/www.andreas-edler.de\/blog\/wp-json\/wp\/v2\/users\/1"}],"replies":[{"embeddable":true,"href":"https:\/\/www.andreas-edler.de\/blog\/wp-json\/wp\/v2\/comments?post=5559"}],"version-history":[{"count":0,"href":"https:\/\/www.andreas-edler.de\/blog\/wp-json\/wp\/v2\/posts\/5559\/revisions"}],"wp:attachment":[{"href":"https:\/\/www.andreas-edler.de\/blog\/wp-json\/wp\/v2\/media?parent=5559"}],"wp:term":[{"taxonomy":"category","embeddable":true,"href":"https:\/\/www.andreas-edler.de\/blog\/wp-json\/wp\/v2\/categories?post=5559"},{"taxonomy":"post_tag","embeddable":true,"href":"https:\/\/www.andreas-edler.de\/blog\/wp-json\/wp\/v2\/tags?post=5559"}],"curies":[{"name":"wp","href":"https:\/\/api.w.org\/{rel}","templated":true}]}}