{"id":5552,"date":"2007-04-21T17:50:00","date_gmt":"2007-04-21T16:50:00","guid":{"rendered":"http:\/\/www.andreas-edler.de\/blog\/2007\/04\/rader-fit-machen\/"},"modified":"2007-04-21T17:50:00","modified_gmt":"2007-04-21T16:50:00","slug":"rader-fit-machen","status":"publish","type":"post","link":"https:\/\/www.andreas-edler.de\/blog\/2007\/04\/rader-fit-machen\/","title":{"rendered":"R\u00e4der fit machen"},"content":{"rendered":"<div class=\"bild\"><a href=\"http:\/\/picasaweb.google.com\/a.edler\/ScottPurgatoryBj99\/photo#5055925730427264098\"><img decoding=\"async\" border=\"0\"  src=\"http:\/\/lh4.google.com\/image\/a.edler\/RipBqhTf3GI\/AAAAAAAABAE\/hpTJf3YAoaA\/s288\/DSCN8013.JPG\"  alt=\"\"><\/a><\/div>\n<p>Bei dem Wetter geht man ja nicht auf den Dachboden um Bretter fest zu schrauben. Haben also im Garten und im Ger\u00e4teschuppen etwas aufger\u00e4umt und nebenbei habe ich Fahrr\u00e4der ein wenig geputzt, ge\u00f6lt und die ruliegenden neuen Teile verbaut. Das Purgatory Reiserad hat nun endlich auch Ergon-Griffe. Ich bin neulich <a href=\"http:\/\/www.andreas-edler.de\/2007\/04\/nette-runde-herford-bielefeld-bnde.php\">die gro\u00dfe Runde<\/a> mit dem alten Rad unter die R\u00e4der genommen und nach 20 Kilometern hatte ich schon taube H\u00e4nde. Und dabei hielt ich die <a href=\"http:\/\/www.andreas-edler.de\/2005\/06\/nix-besonderes-los.html\">Kork-Griffe<\/a> damals f\u00fcr eine dramatische Verbesserung gegen\u00fcber den Original Gummi\u00fcberziehern. Bei der Gelegenheit habe ich auch die Kette gereinigt und die Barends ein wenig gerichtet. Mit den Schutzblechen mu\u00df ich mir vor der Inntal-Radtour noch was \u00fcberlegen. War zwar <a href=\"grafik\/weserradweg_200604\/11_schutzblech.jpg\" target=\"Bild\" onclick=\"javascript:window.open('','Bild','width=830, height=650, directories=no, toolbar=no, location=no, menubar=no, scrollbars=no, status=no, resizable=no, dependent=no')\">praktisch<\/a>, aber nicht schick.<\/p>\n<p>Apropos schick: ohne die h\u00e4\u00dflichen Speichenreflektoren gef\u00e4llt mir das Sub noch &#8217;ne Ecke besser. Die Reifen f\u00fchlen sich nach &#8217;nem ersten Minitest auch besser an, als die originalen Maxxis. <\/p>\n<p align=\"center\"><img decoding=\"async\" src=\"http:\/\/www.andreas-edler.de\/grafik\/blog_2007\/20070421_scott_sub_30.jpg\" width=\"470\" alt=\"\"><\/p>\n","protected":false},"excerpt":{"rendered":"<p>Bei dem Wetter geht man ja nicht auf den Dachboden um Bretter fest zu schrauben. Haben also im Garten und im Ger\u00e4teschuppen etwas aufger\u00e4umt und nebenbei habe ich Fahrr\u00e4der ein wenig geputzt, ge\u00f6lt und die ruliegenden neuen Teile verbaut. Das &hellip;<\/p>\n<p class=\"read-more\"> <a class=\"more-link\" href=\"https:\/\/www.andreas-edler.de\/blog\/2007\/04\/rader-fit-machen\/\"> <span class=\"screen-reader-text\">R\u00e4der fit machen<\/span> Weiterlesen &raquo;<\/a><\/p>\n","protected":false},"author":1,"featured_media":0,"comment_status":"open","ping_status":"open","sticky":false,"template":"","format":"standard","meta":{"ngg_post_thumbnail":0,"activitypub_content_warning":"","activitypub_content_visibility":"","activitypub_max_image_attachments":2,"activitypub_interaction_policy_quote":"anyone","activitypub_status":"","footnotes":""},"categories":[22,15],"tags":[],"class_list":["post-5552","post","type-post","status-publish","format-standard","hentry","category-basteln","category-fahrrad"],"share_on_mastodon":{"url":"","error":""},"_links":{"self":[{"href":"https:\/\/www.andreas-edler.de\/blog\/wp-json\/wp\/v2\/posts\/5552","targetHints":{"allow":["GET"]}}],"collection":[{"href":"https:\/\/www.andreas-edler.de\/blog\/wp-json\/wp\/v2\/posts"}],"about":[{"href":"https:\/\/www.andreas-edler.de\/blog\/wp-json\/wp\/v2\/types\/post"}],"author":[{"embeddable":true,"href":"https:\/\/www.andreas-edler.de\/blog\/wp-json\/wp\/v2\/users\/1"}],"replies":[{"embeddable":true,"href":"https:\/\/www.andreas-edler.de\/blog\/wp-json\/wp\/v2\/comments?post=5552"}],"version-history":[{"count":0,"href":"https:\/\/www.andreas-edler.de\/blog\/wp-json\/wp\/v2\/posts\/5552\/revisions"}],"wp:attachment":[{"href":"https:\/\/www.andreas-edler.de\/blog\/wp-json\/wp\/v2\/media?parent=5552"}],"wp:term":[{"taxonomy":"category","embeddable":true,"href":"https:\/\/www.andreas-edler.de\/blog\/wp-json\/wp\/v2\/categories?post=5552"},{"taxonomy":"post_tag","embeddable":true,"href":"https:\/\/www.andreas-edler.de\/blog\/wp-json\/wp\/v2\/tags?post=5552"}],"curies":[{"name":"wp","href":"https:\/\/api.w.org\/{rel}","templated":true}]}}