{"id":5549,"date":"2007-04-20T19:03:00","date_gmt":"2007-04-20T18:03:00","guid":{"rendered":"http:\/\/www.andreas-edler.de\/blog\/2007\/04\/rechts-vor-links-im-dorgen-teil-2\/"},"modified":"2007-04-20T19:03:00","modified_gmt":"2007-04-20T18:03:00","slug":"rechts-vor-links-im-dorgen-teil-2","status":"publish","type":"post","link":"https:\/\/www.andreas-edler.de\/blog\/2007\/04\/rechts-vor-links-im-dorgen-teil-2\/","title":{"rendered":"&quot;Rechts vor Links&quot; im D\u00f6rgen &#8211; Teil 2"},"content":{"rendered":"<p>Nachdem ich auf <a href=\"http:\/\/www.andreas-edler.de\/2007\/04\/rechts-vor-links-im-drgen.php\">meine Anfrage bezgl. der nicht StVo-konformen Beschilderung im D\u00f6rgen eine mich nicht zufriedenstellende Antwort bekommen habe<\/a>, habe ich noch einmal nachgefragt <span class=\"xsmall\">(Abschnitte die mit einem &#8222;>&#8220; gekennzeichnet sind, sind Zitate aus der Antwort der Stadt, auf welche ich mich in meiner Mail beziehe)<\/span>:<\/p>\n<div class=\"postzitat\">> In der Hahnenkampstra\u00dfe gilt ansonsten<br \/>> grunds\u00e4tzlich &#8222;Rechts-vor-Links&#8220;;<\/p>\n<p>Da mu\u00df ich widersprechen. Von der Dehmer Stra\u00dfe bis zum Knick, in welchem die Hahnenkampstra\u00dfe in den D\u00f6rgen \u00fcbergeht ist die Hahnenkampstra\u00dfe als Vorfahrtsstra\u00dfe ausgeschildert.<\/p>\n<p>> die teilweise hohen gefahrenen Geschwindigkeiten<br \/>> sind sowohl bei der Polizei als auch hier leider<br \/>> nicht unbekannt.<\/p>\n<p>Nun, dann wundert es mich, dass sie nicht etwas dagegen unternehmen, obwohl ihnen eine einfache L\u00f6sung des Problems doch bekannt ist ;-)<\/p>\n<p>> Meinerseits wurde bereits das Aufbringen<br \/>> zus\u00e4tzlicher Tempo-30-Piktogramme auf die<br \/>> Fahrbahn angeordnet,<\/p>\n<p>L\u00f6blich, aber Sie wissen wahrscheinlich selbst, dass dies lediglich Makulatur ist.<\/p>\n<p>> Die Stra\u00dfe D\u00f6rgen ist ein anderes Problem;<br \/>> die rechtliche Statthaftigkeit einer 30\u00b4er<br \/>> Zone ist hier nicht unumstritten.<\/p>\n<p>&#8222;Unumstritten&#8220; trifft es nicht. Eine 30-Zone darf &#8211; wenn ich \u00a745 Abs. 1c StVO richtig verstanden habe &#8211; ausschlie\u00dflich &#8222;rechts vor links&#8220; sein. <\/p>\n<p>Wenn Sie &#8230;<\/p>\n<p>> Letztlich wurde diese Regelung vor einigen<br \/>> Jahren auf politischen Wunsch hin umgesetzt.<\/p>\n<p>&#8230; dann, auf welchen Wunsch hin auch immer, eine 30-Zone installieren reicht es eben nicht ein 30-Zone-Schild aufzustellen, sondern die Vorfahrtsschilder m\u00fcssen abgebaut werden. So schwierig ist das ja nun wirklich nicht.<\/p>\n<p>Ich will niemandem zu nahe treten, aber &#8222;Konsequenz&#8220; ist das, was m.E. bei solchen Ma\u00dfnahmen in Bad Oeynhausen fehlt.<\/p>\n<p>> Sicherlich k\u00f6nnte vieles anders gemacht und<br \/>> vielleicht auch verbessert werden &#8230; ob solche<br \/>> \u00c4nderungen allerdings (ob hier oder in einem<br \/>> anderen Bereich) allgemein Anklang finden,<br \/>> wage ich zu bezweifeln.<\/p>\n<p>Es geht um die Anwohner, wegen denen wird so eine 30-Zone installiert, nicht damit sich ein Politiker eine Ma\u00dfnahme ans Revers heften kann. Bei &#8222;den Anwohnern&#8220; wird so eine Ma\u00dfnahme Anklang finden. Ob der Durchgangsverkehr dass dann &#8222;toll&#8220; findet, ist irrelevant. Anklang finden im Zusammenhang mit Stra\u00dfenverkehr ist nachrangig. Die Leute, die hier t\u00e4glich durch den D\u00f6rgen rasen, finden sicher keinen Gefallen an 30-Zonen im Allgemeinen.<\/p>\n<p>> Und wenn alle sich an \u00a7 1 der StVO hielten,<br \/>> brauchten wir die meisten anderen Regelungen<br \/>> gar nicht. Um-, Vor- und R\u00fccksicht nehmen<br \/>> leider offenbar bei steigenden<br \/>> KFZ-Zulassungsuzahlen diesen gegen\u00fcber<br \/>> diametral ab &#8230;<\/p>\n<p>Nun, wenn und aber. Es macht aber der Gro\u00dfteil der Verkehrsteilnehmer nicht. Also m\u00fcssen geeignete Ma\u00dfnahmen ergriffen werden. Und in dem von mir angesprochenen Bereich werden nicht einmal erlassene Vorschriften durch die Stadt selbst beachtet.<\/p>\n<p>Also nochmal: wann bauen sie die rechtswidrigen Vorfahrtschilder in der Hahnenkampstra\u00dfe und im D\u00f6rgen ab?<\/p>\n<p>Was Stra\u00dfenverkehr in Bad Oeynhausen angeht, habe ich noch viele Fragen. Sie bem\u00e4ngeln die sinkende Disziplin bei steigenden KFZ-Zulassungen und tun hier in unserer Kurstadt alles, um es gerade dieser Klientel richtig heimelig zu machen.<\/div>\n<p>Sehr kurzfristig bekam ich daraufhin wieder eine Antwort, die aber au\u00dfer &#8222;das stimmt nicht&#8220; im Kern meiner Meinung nach nicht auf das Problem einging:<\/p>\n<div class=\"postzitat\"><b>Stadt Bad Oeynhausen<\/b> &#8230; Mit Ihrer Meinung, die Verkehrsregelungen die Vorfahrt betreffend in der Hahnenkampstra\u00dfe und im D\u00f6rgen seien rechtswidrig, korrespondiere ich nicht.<\/p>\n<p>Im \u00dcbrigen ist es nicht der Stra\u00dfenverkehrsbeh\u00f6rde allein m\u00f6glich, Regelungen \/Beschilderungen zu \u00e4ndern; dies ist nur unter Beteiligung der Polizei und des Stra\u00dfenbaulasttr\u00e4gers m\u00f6glich &#8230;<\/p><\/div>\n","protected":false},"excerpt":{"rendered":"<p>Nachdem ich auf meine Anfrage bezgl. der nicht StVo-konformen Beschilderung im D\u00f6rgen eine mich nicht zufriedenstellende Antwort bekommen habe, habe ich noch einmal nachgefragt (Abschnitte die mit einem &#8222;>&#8220; gekennzeichnet sind, sind Zitate aus der Antwort der Stadt, auf welche &hellip;<\/p>\n<p class=\"read-more\"> <a class=\"more-link\" href=\"https:\/\/www.andreas-edler.de\/blog\/2007\/04\/rechts-vor-links-im-dorgen-teil-2\/\"> <span class=\"screen-reader-text\">&quot;Rechts vor Links&quot; im D\u00f6rgen &#8211; Teil 2<\/span> Weiterlesen &raquo;<\/a><\/p>\n","protected":false},"author":1,"featured_media":0,"comment_status":"open","ping_status":"open","sticky":false,"template":"","format":"standard","meta":{"ngg_post_thumbnail":0,"activitypub_content_warning":"","activitypub_content_visibility":"","activitypub_max_image_attachments":2,"activitypub_interaction_policy_quote":"anyone","activitypub_status":"","footnotes":""},"categories":[14,18,13],"tags":[],"class_list":["post-5549","post","type-post","status-publish","format-standard","hentry","category-bad-oeynhausen","category-fraglich","category-verkehr"],"share_on_mastodon":{"url":"","error":""},"_links":{"self":[{"href":"https:\/\/www.andreas-edler.de\/blog\/wp-json\/wp\/v2\/posts\/5549","targetHints":{"allow":["GET"]}}],"collection":[{"href":"https:\/\/www.andreas-edler.de\/blog\/wp-json\/wp\/v2\/posts"}],"about":[{"href":"https:\/\/www.andreas-edler.de\/blog\/wp-json\/wp\/v2\/types\/post"}],"author":[{"embeddable":true,"href":"https:\/\/www.andreas-edler.de\/blog\/wp-json\/wp\/v2\/users\/1"}],"replies":[{"embeddable":true,"href":"https:\/\/www.andreas-edler.de\/blog\/wp-json\/wp\/v2\/comments?post=5549"}],"version-history":[{"count":0,"href":"https:\/\/www.andreas-edler.de\/blog\/wp-json\/wp\/v2\/posts\/5549\/revisions"}],"wp:attachment":[{"href":"https:\/\/www.andreas-edler.de\/blog\/wp-json\/wp\/v2\/media?parent=5549"}],"wp:term":[{"taxonomy":"category","embeddable":true,"href":"https:\/\/www.andreas-edler.de\/blog\/wp-json\/wp\/v2\/categories?post=5549"},{"taxonomy":"post_tag","embeddable":true,"href":"https:\/\/www.andreas-edler.de\/blog\/wp-json\/wp\/v2\/tags?post=5549"}],"curies":[{"name":"wp","href":"https:\/\/api.w.org\/{rel}","templated":true}]}}