{"id":5533,"date":"2007-04-12T17:52:00","date_gmt":"2007-04-12T16:52:00","guid":{"rendered":"http:\/\/www.andreas-edler.de\/blog\/2007\/04\/radladen\/"},"modified":"2019-11-03T22:40:44","modified_gmt":"2019-11-03T21:40:44","slug":"radladen","status":"publish","type":"post","link":"https:\/\/www.andreas-edler.de\/blog\/2007\/04\/radladen\/","title":{"rendered":"Radladen"},"content":{"rendered":"<div class=\"bild\"><img decoding=\"async\" src=\"http:\/\/www.andreas-edler.de\/grafik\/blog_2007\/20070412_schlauchfalte.jpg\" width=\"250\" alt=\"Falte im Schlauch\"><\/div>\n<p>Jetzt bin ich echt sauer! <a href=\"https:\/\/www.andreas-edler.de\/blog\/2007\/01\/diese-mistigen-radwege\/\">Seit Wochen<\/a> ist die Decke auf meinem Hinterrad runter und ich flicke in einer Tour. Also habe ich versucht bei <a href=\"http:\/\/fahrrad.de\">fahrrad.de<\/a> &#8222;Conti SportContact&#8220; zu bestellen. Nach 10 Tagen bequemten die sich dann mal, mir mitzuteilen, dass diese nicht lieferbar seien. Daraufhin bin ich zu meinem favorisierten Radh\u00e4ndler, dem <a href=\"http:\/\/www.radladen.com\">Radladen<\/a> gegangen und wollte die Reifen dort kaufen. Nach einer kurzen Beratung schwenkte ich um auf die &#8222;Schwalbe Kojak&#8220;. Leider ist der auch <a href=\"https:\/\/www.andreas-edler.de\/blog\/2007\/04\/peng\/\">erst in ein paar Wochen<\/a> lieferbar :-( Aber die SportContact waren kurzfristiger zu haben. Also bestellte ich diese und nahm gleich dazu passende Schl\u00e4uche mit.<\/p>\n<p>In der Zwischenzeit hatte ich zun\u00e4chst versucht alte Schrottdecken zu montieren, die mir der H\u00e4ndler freundlicherweise zur Verf\u00fcgung stellte. Mit dem Erfolg, dass dadurch <a href=\"https:\/\/www.andreas-edler.de\/blog\/2007\/04\/peng\/\">einer meiner Schl\u00e4uche das Zeitliche segnete<\/a>. Danach fuhr ich mit einem ebenfalls <a href=\"https:\/\/www.andreas-edler.de\/blog\/2007\/04\/conti-travelcontact\/\">geliehenen TravelContact<\/a> ein paar Kilometer \u00fcber Ostern durch die Gegend.<\/p>\n<p>Gestern kamen nun endlich die &#8222;SportContact&#8220; an :-) Ich also in den Keller, Reifen demontiert, Decke drauf, Schlauch rein &#8230; \u00e4h, zu gro\u00df. Der wirft eine deutlich sichtbare Falte. Auf der Packung steht denn auch 32-590 statt 32-559. Ich also heute wieder zum H\u00e4ndler und um die korrekte Gr\u00f6\u00dfe gebeten. Die Aushilfe(?) am Tresen suchte und suchte, fand aber nichts. Ging dann in die angeschlossene Werkstatt zum Meister, welcher sehr sicher erkl\u00e4rte, dass der Schlauch zur Decke passt. Hat ermir auch gleich unter vielen Worten vorgef\u00fchrt. Meinen Einwand, dass ich auch schon mehr als einmal einen Reifen gewechselt habe und der Schlauch bei meiner Felge *wirklich* nicht passt, lie\u00df er nicht gelten. Ich stand da, wie ein dummer Junge. &#8222;Soll ich Dir das machen?&#8220; &#8211; &#8222;Das passt hundertprozentig!&#8220; &#8211; Und dazu noch das Gegrinse der Umstehenden. Sehr geil! :-( Ich hatte schon mal geschrieben, dass der H\u00e4ndler top ist, ich <a href=\"https:\/\/www.andreas-edler.de\/blog\/2006\/12\/felgenfresser-nie-mehr-in-die-werkstatt\/\">mit der Werkstatt aber nicht zufrieden bin<\/a>, und heute hat sich das mal wieder bewahrheitet. So eine Schei\u00dfe!<\/p>\n<p>Stand ich nun da wie Kallemanns D\u00f6si. Habe meine Schl\u00e4uche genommen und gesagt, dass ich &#8217;s nochmal probiere. Aber nun, ich bin ja nicht bl\u00f6d. Die Dinger passen echt nicht. Wenn man mal meinen alten und den neuen Schlauch \u00fcbereinander legt, kann man auch sch\u00f6n sehen warum. Und morgen laufe ich in dem Laden auf und sage dem Kerl in der Werkstatt, dass ich sein Angebot gerne annehme. Und vielleicht sage ich auch Klugschei\u00dfer! Bl\u00f6d ist nur, dass ich jetzt wieder \u00fcber&#8217;s Wochenende nicht mit dem Rad fahren kann, weil die Schl\u00e4uche nicht vorr\u00e4tig sind. ICH HABE DIE FAXEN SAUDICKE! Mich dumm da stehen lassen und dann noch nicht mal Recht haben. Das hab&#8216; ich gern.<\/p>\n<p>32-559 ist nicht so gro\u00df wie 32-590 oder 47-559 &#8230; MANN!<\/p>\n<p align=\"center\"><img decoding=\"async\" src=\"http:\/\/www.andreas-edler.de\/grafik\/blog_2007\/20070412_schlauchvergleich.jpg\" width=\"470\" alt=\"... einer ist kleiner!\"><\/p>\n","protected":false},"excerpt":{"rendered":"<p>Jetzt bin ich echt sauer! Seit Wochen ist die Decke auf meinem Hinterrad runter und ich flicke in einer Tour. Also habe ich versucht bei fahrrad.de &#8222;Conti SportContact&#8220; zu bestellen. Nach 10 Tagen bequemten die sich dann mal, mir mitzuteilen, &hellip;<\/p>\n<p class=\"read-more\"> <a class=\"more-link\" href=\"https:\/\/www.andreas-edler.de\/blog\/2007\/04\/radladen\/\"> <span class=\"screen-reader-text\">Radladen<\/span> Weiterlesen &raquo;<\/a><\/p>\n","protected":false},"author":1,"featured_media":0,"comment_status":"open","ping_status":"open","sticky":false,"template":"","format":"standard","meta":{"ngg_post_thumbnail":0,"activitypub_content_warning":"","activitypub_content_visibility":"","activitypub_max_image_attachments":2,"activitypub_interaction_policy_quote":"anyone","activitypub_status":"","footnotes":""},"categories":[15,18],"tags":[49,64,33,28],"class_list":["post-5533","post","type-post","status-publish","format-standard","hentry","category-fahrrad","category-fraglich","tag-hardware","tag-konsum","tag-service","tag-test"],"share_on_mastodon":{"url":"","error":""},"_links":{"self":[{"href":"https:\/\/www.andreas-edler.de\/blog\/wp-json\/wp\/v2\/posts\/5533","targetHints":{"allow":["GET"]}}],"collection":[{"href":"https:\/\/www.andreas-edler.de\/blog\/wp-json\/wp\/v2\/posts"}],"about":[{"href":"https:\/\/www.andreas-edler.de\/blog\/wp-json\/wp\/v2\/types\/post"}],"author":[{"embeddable":true,"href":"https:\/\/www.andreas-edler.de\/blog\/wp-json\/wp\/v2\/users\/1"}],"replies":[{"embeddable":true,"href":"https:\/\/www.andreas-edler.de\/blog\/wp-json\/wp\/v2\/comments?post=5533"}],"version-history":[{"count":0,"href":"https:\/\/www.andreas-edler.de\/blog\/wp-json\/wp\/v2\/posts\/5533\/revisions"}],"wp:attachment":[{"href":"https:\/\/www.andreas-edler.de\/blog\/wp-json\/wp\/v2\/media?parent=5533"}],"wp:term":[{"taxonomy":"category","embeddable":true,"href":"https:\/\/www.andreas-edler.de\/blog\/wp-json\/wp\/v2\/categories?post=5533"},{"taxonomy":"post_tag","embeddable":true,"href":"https:\/\/www.andreas-edler.de\/blog\/wp-json\/wp\/v2\/tags?post=5533"}],"curies":[{"name":"wp","href":"https:\/\/api.w.org\/{rel}","templated":true}]}}