{"id":5531,"date":"2007-04-11T21:15:00","date_gmt":"2007-04-11T19:15:00","guid":{"rendered":"http:\/\/www.andreas-edler.de\/blog\/2007\/04\/meine-erste\/"},"modified":"2013-11-02T11:55:07","modified_gmt":"2013-11-02T10:55:07","slug":"meine-erste","status":"publish","type":"post","link":"https:\/\/www.andreas-edler.de\/blog\/2007\/04\/meine-erste\/","title":{"rendered":"Meine Erste"},"content":{"rendered":"<div class=\"bild\"><img decoding=\"async\" src=\"http:\/\/www.andreas-edler.de\/grafik\/blog_2007\/20070411_brille.jpg\" width=\"250\" alt=\"BlueBay auf Edler\"><\/div>\n<p>Meine gr\u00f6\u00dfte Sorge ist es, irgendwann nicht mehr gucken zu k\u00f6nnen. Riechen, meinetwegen, schlecht h\u00f6ren &#8230; ungern, aber die Sehf\u00e4higkeit? Ich kriege Herzklopfen! Umso entsetzter war ich, als ich bei <s>einer<\/s> meiner ersten Augenuntersuchung feststellen mu\u00dfte, dass ich links ganz sch\u00f6n wenig sehe. \u00c4h, irgendwie konnte ich bei den ersten Versuchen nicht mal erkennen ob da Zahlen, Buchstaben oder Fliegenschisse auf der Tafel waren. Mit beiden Augen habe ich keine Probleme, ich kriege auch nach 12 Stunden am Rechner keine Kopfschmerzen und ich kann &#8211; honestly &#8211; noch bequem im D\u00e4mmerlicht ein Buch lesen.<\/p>\n<p>So ungef\u00e4hr hat mir der Arzt das auch best\u00e4tigt. Aber ich bin ja vorsichtig und so habe ich mich nach z\u00e4hem Ringen mit mir selbst dazu entschlossen, doch eine Sehhilfe zu kaufen. Nicht das ich eitel w\u00e4re &#8211; h\u00fcstel &#8211; aber so richtig kann ich mich mit dem Gedanken noch nicht anfreunden. Links sehe ich wirklich deutlich schlechter, jetzt wo ich es wei\u00df. Und vielleicht strengt das gucken auf den LCD auch ein wenig an. Wom\u00f6glich habe ich sogar weniger Kopfschmerzen.<\/p>\n<p>War dann gestern jedenfalls knapp 30 Minuten bei <a href=\"http:\/\/www.fielmann.de\/niederlassungen\/ndl_infopage.php?para=QT%253D10%2526Ebinr%253DQVWO4925C522DOBQ71%2526NewSession%253DClone%2526DetailInfoView%253D1%2526SessionGuid%253De6f2a20b-b78a-401a-88e5-7700b90522de\">Fielmann<\/a> ohne dass mich ein Verk\u00e4ufer behelligt h\u00e4tte und habe mir in Ruhe die Regale angeschaut. Auswahl ist reichlich vorhanden und wenn ich die Bedingungen richtig gelesen habe, kann man f\u00fcr 10 Euro im Jahr tats\u00e4chlich umsonst (merkt man da eigentlich, dass es eben nicht umsonst ist?) eine Brille bekommen. Nur wie sagt man so sch\u00f6n: das sieht man dann auch. Die Modelle die mir gefielen, waren allesamt mit Zuzahlung. Und das waren vielleicht 3 oder 4, die ich in die engere Wahl genommen h\u00e4tte. Von 1.000 oder so.<\/p>\n<p>Da ich nach 30 Minuten immer noch ignoriert wurde (Gut, die hatten tats\u00e4chlich alle Kundschaft &#8211; aber &#8222;Ich komme gleich!&#8220; h\u00e4tte ja mal wer sagen k\u00f6nnen.) bin ich dann zum <a href=\"http:\/\/www.brillenmacher.de\/\">Brillenmacher<\/a> gegangen. Der Laden ist deutlich kleiner und es liegen deutlich weniger Brillen aus. Allerdings war die Ausbeute an &#8222;Och, die k\u00f6nnte gehen &#8230;&#8220; auch wesentlich gr\u00f6\u00dfer. Ebenso wie der Preis.  Und dann war da dieses Gestell von &#8222;Blue Bay&#8220;. Gefiel mir sofort und ab da war dann auch der Wille zum Weitersuchen sehr eingeschr\u00e4nkt. Ich habe mir was zur Entspiegelung der Gl\u00e4ser erz\u00e4hlen lassen, beim Preis geschluckt und bin zum \u00dcberlegen nach Hause gegangen.<\/p>\n<p>Heute dann noch mal in der Stadt ein wenig geguckt, aber dieses Gestell vom Brillenmacher gefiel mir am Besten. Also habe ich nach der Arbeit die Sache angesto\u00dfen. Meine Augen wurden noch mal vermessen &#8211; mit fast gleichem Ergebniss wie unten &#8211; und in einer Woche kann ich die Brille abholen. Mal gucken. Im wahrsten Sinne des Wortes.<\/p>\n<p>Brillenschlange, Vierauge, Maulwurf &#8230; ich h\u00f6re sie schon reden &#8230; ;-) <span class=\"xsmall\">(<a href=\"http:\/\/filmfacts.darktech.org\/podcast\/20070411_meine_erste.mp3\">mp3<\/a>)<\/span><\/p>\n<p align=\"center\"><img decoding=\"async\" src=\"http:\/\/www.andreas-edler.de\/grafik\/blog_2007\/20070411_brillenrezept.gif\" width=\"470\" alt=\"halbblind ;-)\"><\/p>\n","protected":false},"excerpt":{"rendered":"<p>Meine gr\u00f6\u00dfte Sorge ist es, irgendwann nicht mehr gucken zu k\u00f6nnen. Riechen, meinetwegen, schlecht h\u00f6ren &#8230; ungern, aber die Sehf\u00e4higkeit? Ich kriege Herzklopfen! Umso entsetzter war ich, als ich bei einer meiner ersten Augenuntersuchung feststellen mu\u00dfte, dass ich links ganz &hellip;<\/p>\n<p class=\"read-more\"> <a class=\"more-link\" href=\"https:\/\/www.andreas-edler.de\/blog\/2007\/04\/meine-erste\/\"> <span class=\"screen-reader-text\">Meine Erste<\/span> Weiterlesen &raquo;<\/a><\/p>\n","protected":false},"author":1,"featured_media":0,"comment_status":"open","ping_status":"open","sticky":false,"template":"","format":"standard","meta":{"ngg_post_thumbnail":0,"activitypub_content_warning":"","activitypub_content_visibility":"","activitypub_max_image_attachments":2,"activitypub_interaction_policy_quote":"anyone","activitypub_status":"","footnotes":""},"categories":[1],"tags":[7,56,10],"class_list":["post-5531","post","type-post","status-publish","format-standard","hentry","category-allgemein","tag-gesundheit","tag-kleidung","tag-kopfschmerzen"],"share_on_mastodon":{"url":"","error":""},"_links":{"self":[{"href":"https:\/\/www.andreas-edler.de\/blog\/wp-json\/wp\/v2\/posts\/5531","targetHints":{"allow":["GET"]}}],"collection":[{"href":"https:\/\/www.andreas-edler.de\/blog\/wp-json\/wp\/v2\/posts"}],"about":[{"href":"https:\/\/www.andreas-edler.de\/blog\/wp-json\/wp\/v2\/types\/post"}],"author":[{"embeddable":true,"href":"https:\/\/www.andreas-edler.de\/blog\/wp-json\/wp\/v2\/users\/1"}],"replies":[{"embeddable":true,"href":"https:\/\/www.andreas-edler.de\/blog\/wp-json\/wp\/v2\/comments?post=5531"}],"version-history":[{"count":0,"href":"https:\/\/www.andreas-edler.de\/blog\/wp-json\/wp\/v2\/posts\/5531\/revisions"}],"wp:attachment":[{"href":"https:\/\/www.andreas-edler.de\/blog\/wp-json\/wp\/v2\/media?parent=5531"}],"wp:term":[{"taxonomy":"category","embeddable":true,"href":"https:\/\/www.andreas-edler.de\/blog\/wp-json\/wp\/v2\/categories?post=5531"},{"taxonomy":"post_tag","embeddable":true,"href":"https:\/\/www.andreas-edler.de\/blog\/wp-json\/wp\/v2\/tags?post=5531"}],"curies":[{"name":"wp","href":"https:\/\/api.w.org\/{rel}","templated":true}]}}