{"id":5509,"date":"2007-04-01T21:49:00","date_gmt":"2007-04-01T20:49:00","guid":{"rendered":"http:\/\/www.andreas-edler.de\/blog\/2007\/04\/sieht-steil-aus\/"},"modified":"2007-04-01T21:49:00","modified_gmt":"2007-04-01T20:49:00","slug":"sieht-steil-aus","status":"publish","type":"post","link":"https:\/\/www.andreas-edler.de\/blog\/2007\/04\/sieht-steil-aus\/","title":{"rendered":"Sieht steil aus"},"content":{"rendered":"<p>Nach der V\u00f6llerei am Nachmittag musste ich dringend raus und mich bewegen. Sonst platze ich bald. Irgendwie haben die Betablocker keinen guten Einflu\u00df auf meine H\u00fcfte. Knapp eine Stunde sollte ich bei der fortschreitenden Helligkeit am Abend wohl hinbekommen. Heute ging es erst mal rauf zur Eben\u00f6de, durch Vlotho und ausnahmsweise mal linksseitig der Weser in Richtung Oeynhausen. Diese Strecke zwischen Vlotho und der F\u00e4hre Amanda hat mir den letzten Nerv geraubt. Nicht weil sie so schwer zu fahren ist, sondern wegen der Vollidioten, die ca. alle 100 Meter feinste Glasscherben auf dem Rad- und Wanderweg verteilt haben. \u00c4tzend &#8211; st\u00e4ndig am Slalom fahren, und das wo meine Reifen eh so d\u00fcnnh\u00e4utig sind. Ich bin dann rechts abgebogen und bis zur Porta geradelt. Von da an war der Weg in deutlich besserer Verfassung.<\/p>\n<p>Was reitet die Leute, Flaschen, Gl\u00e4ser und was wei\u00df ich noch auf der Stra\u00dfe zu zertr\u00fcmmern?<\/p>\n<p>32 Km | 24,3 Km\/h Schnitt | 59,2 Km\/h max | 183 H\u00f6henmeter | 17\u00b0C<\/p>\n<p align=\"center\"><img decoding=\"async\" src=\"http:\/\/www.andreas-edler.de\/grafik\/blog_2007\/20070401_abendrunde.gif\" width=\"470\" alt=\"\"><\/p>\n","protected":false},"excerpt":{"rendered":"<p>Nach der V\u00f6llerei am Nachmittag musste ich dringend raus und mich bewegen. Sonst platze ich bald. Irgendwie haben die Betablocker keinen guten Einflu\u00df auf meine H\u00fcfte. Knapp eine Stunde sollte ich bei der fortschreitenden Helligkeit am Abend wohl hinbekommen. Heute &hellip;<\/p>\n<p class=\"read-more\"> <a class=\"more-link\" href=\"https:\/\/www.andreas-edler.de\/blog\/2007\/04\/sieht-steil-aus\/\"> <span class=\"screen-reader-text\">Sieht steil aus<\/span> Weiterlesen &raquo;<\/a><\/p>\n","protected":false},"author":1,"featured_media":0,"comment_status":"open","ping_status":"open","sticky":false,"template":"","format":"standard","meta":{"ngg_post_thumbnail":0,"activitypub_content_warning":"","activitypub_content_visibility":"","activitypub_max_image_attachments":2,"activitypub_interaction_policy_quote":"anyone","activitypub_status":"","footnotes":""},"categories":[15],"tags":[],"class_list":["post-5509","post","type-post","status-publish","format-standard","hentry","category-fahrrad"],"share_on_mastodon":{"url":"","error":""},"_links":{"self":[{"href":"https:\/\/www.andreas-edler.de\/blog\/wp-json\/wp\/v2\/posts\/5509","targetHints":{"allow":["GET"]}}],"collection":[{"href":"https:\/\/www.andreas-edler.de\/blog\/wp-json\/wp\/v2\/posts"}],"about":[{"href":"https:\/\/www.andreas-edler.de\/blog\/wp-json\/wp\/v2\/types\/post"}],"author":[{"embeddable":true,"href":"https:\/\/www.andreas-edler.de\/blog\/wp-json\/wp\/v2\/users\/1"}],"replies":[{"embeddable":true,"href":"https:\/\/www.andreas-edler.de\/blog\/wp-json\/wp\/v2\/comments?post=5509"}],"version-history":[{"count":0,"href":"https:\/\/www.andreas-edler.de\/blog\/wp-json\/wp\/v2\/posts\/5509\/revisions"}],"wp:attachment":[{"href":"https:\/\/www.andreas-edler.de\/blog\/wp-json\/wp\/v2\/media?parent=5509"}],"wp:term":[{"taxonomy":"category","embeddable":true,"href":"https:\/\/www.andreas-edler.de\/blog\/wp-json\/wp\/v2\/categories?post=5509"},{"taxonomy":"post_tag","embeddable":true,"href":"https:\/\/www.andreas-edler.de\/blog\/wp-json\/wp\/v2\/tags?post=5509"}],"curies":[{"name":"wp","href":"https:\/\/api.w.org\/{rel}","templated":true}]}}