{"id":5497,"date":"2007-03-28T19:19:00","date_gmt":"2007-03-28T17:19:00","guid":{"rendered":"http:\/\/www.andreas-edler.de\/blog\/2007\/03\/vertikultieren\/"},"modified":"2013-11-02T11:54:47","modified_gmt":"2013-11-02T10:54:47","slug":"vertikutieren","status":"publish","type":"post","link":"https:\/\/www.andreas-edler.de\/blog\/2007\/03\/vertikutieren\/","title":{"rendered":"Vertikutieren"},"content":{"rendered":"<div class=\"bild\"><img decoding=\"async\" src=\"http:\/\/www.andreas-edler.de\/grafik\/blog_2007\/20070328_rasen_1.jpg\" width=\"250\" alt=\"\"><\/div>\n<p>Alle Jahre wieder &#8230; der Rasen ist voll Moos. Nachdem ich die Wegplatten bereits davon befreit hatte, war heute das Gras dran. Der 4-Takt-Vertikutierer von Sabo pfl\u00fcgt sich locker durch die ganz oberste Schicht und rei\u00dft das Moos raus. 4 gro\u00dfe blaue S\u00e4cke voll habe ich aus unserem kleinen St\u00fcck Wiese hinterm Haus gepult. Danach mit der groben Harke zusammen fegen und noch mal mit dem Rasenm\u00e4her dr\u00fcber &#8211; fertig. Bi\u00dfchen D\u00fcnger gibt&#8217;s Freitag und hoffentlich regnet es dann Samstag oder Sonntag!<\/p>\n<p align=\"center\"><img decoding=\"async\" src=\"http:\/\/www.andreas-edler.de\/grafik\/blog_2007\/20070328_rasen_2.jpg\" width=\"470\" alt=\"\"><\/p>\n","protected":false},"excerpt":{"rendered":"<p>Alle Jahre wieder &#8230; der Rasen ist voll Moos. Nachdem ich die Wegplatten bereits davon befreit hatte, war heute das Gras dran. Der 4-Takt-Vertikutierer von Sabo pfl\u00fcgt sich locker durch die ganz oberste Schicht und rei\u00dft das Moos raus. 4 &hellip;<\/p>\n<p class=\"read-more\"> <a class=\"more-link\" href=\"https:\/\/www.andreas-edler.de\/blog\/2007\/03\/vertikutieren\/\"> <span class=\"screen-reader-text\">Vertikutieren<\/span> Weiterlesen &raquo;<\/a><\/p>\n","protected":false},"author":1,"featured_media":0,"comment_status":"open","ping_status":"open","sticky":false,"template":"","format":"standard","meta":{"ngg_post_thumbnail":0,"activitypub_content_warning":"","activitypub_content_visibility":"","activitypub_max_image_attachments":2,"activitypub_interaction_policy_quote":"anyone","activitypub_status":"","footnotes":""},"categories":[1],"tags":[31],"class_list":["post-5497","post","type-post","status-publish","format-standard","hentry","category-allgemein","tag-garten"],"share_on_mastodon":{"url":"","error":""},"_links":{"self":[{"href":"https:\/\/www.andreas-edler.de\/blog\/wp-json\/wp\/v2\/posts\/5497","targetHints":{"allow":["GET"]}}],"collection":[{"href":"https:\/\/www.andreas-edler.de\/blog\/wp-json\/wp\/v2\/posts"}],"about":[{"href":"https:\/\/www.andreas-edler.de\/blog\/wp-json\/wp\/v2\/types\/post"}],"author":[{"embeddable":true,"href":"https:\/\/www.andreas-edler.de\/blog\/wp-json\/wp\/v2\/users\/1"}],"replies":[{"embeddable":true,"href":"https:\/\/www.andreas-edler.de\/blog\/wp-json\/wp\/v2\/comments?post=5497"}],"version-history":[{"count":0,"href":"https:\/\/www.andreas-edler.de\/blog\/wp-json\/wp\/v2\/posts\/5497\/revisions"}],"wp:attachment":[{"href":"https:\/\/www.andreas-edler.de\/blog\/wp-json\/wp\/v2\/media?parent=5497"}],"wp:term":[{"taxonomy":"category","embeddable":true,"href":"https:\/\/www.andreas-edler.de\/blog\/wp-json\/wp\/v2\/categories?post=5497"},{"taxonomy":"post_tag","embeddable":true,"href":"https:\/\/www.andreas-edler.de\/blog\/wp-json\/wp\/v2\/tags?post=5497"}],"curies":[{"name":"wp","href":"https:\/\/api.w.org\/{rel}","templated":true}]}}