{"id":5496,"date":"2007-03-27T21:00:00","date_gmt":"2007-03-27T20:00:00","guid":{"rendered":"http:\/\/www.andreas-edler.de\/blog\/2007\/03\/gezieltes-unerklarliches-durchsuchen\/"},"modified":"2007-03-27T21:00:00","modified_gmt":"2007-03-27T20:00:00","slug":"gezieltes-unerklarliches-durchsuchen","status":"publish","type":"post","link":"https:\/\/www.andreas-edler.de\/blog\/2007\/03\/gezieltes-unerklarliches-durchsuchen\/","title":{"rendered":"Gezieltes, unerkl\u00e4rliches Durchsuchen"},"content":{"rendered":"<div xmlns='http:\/\/www.w3.org\/1999\/xhtml'>\n<div class='postzitat'><b><a href='http:\/\/www.taz.de\/pt\/2007\/03\/26\/a0119.1\/text'>TAZ vom 26.03.2007<\/a><\/b>&#8230; Die Online-Durchsuchung ist dagegen ein polizeiliches Werkzeug, das im Einzelfall gegen tatverd\u00e4chtige Schwerstkriminelle zum Einsatz kommen kann &#8211; kontrolliert und hochprofessionell &#8230;<\/div>\n<p>sagt der Herr Ziercke. Und erkl\u00e4rt im n\u00e4chsten Satz, dass er nat\u00fcrlich nicht \u00f6ffentlich erl\u00e4utern kann, wie das im Einzelfall technisch gel\u00f6st wird. Er kann es nicht nur nicht \u00f6ffentlich, ich wette er kann es gar nicht! Wie auch. Was er vor hat ist nicht m\u00f6glich.<\/p>\n<p>Das Interview welches der BKA-Chef der TAZ gegeben hat, wird mancherorts als <a href='http:\/\/www.heise.de\/newsticker\/meldung\/87394'>Realsatire<\/a> bezeichnet. Ziercke tingelt durch&#8217;s Land und verk\u00fcndet, dass 99,9% der Bundesb\u00fcrger keine Sorge haben m\u00fcssen. Warum habe ich dabei blo\u00df ein schlechtes Gef\u00fchl? Immer wenn jemand beteuert, dass es nichts zu bef\u00fcrchten gibt, steht das Chaos vor der T\u00fcr! <\/p>\n<p>Mit seinen \u00c4u\u00dferungen macht sich Ziercke ziemlich l\u00e4cherlich. Gibt es in seinem Dunstkreis denn niemanden, der ihn ein wenig zur\u00fcck pfeifen kann? <a href='http:\/\/blog.handelsblatt.de\/indiskretion\/eintrag.php?id=1167'>Andere Politiker geben wenigstens offen zu, Leute zu haben, die f\u00fcr sie das Internet bedienen.<\/a> Es ist zwar nicht gut, wenn jemand von seinem Verantwortungsgebiet keine Ahnung hat, aber wenn er das dann offen sagt, kann man seine sonstigen \u00c4u\u00dferungen wenigstens einsch\u00e4tzen. Ziercke redet leider nur.<\/p>\n<p>Wie will er denn <\/p>\n<div class='postzitat'><b><a href='http:\/\/www.heise.de\/newsticker\/meldung\/87394'>heise-news vom 26.03.2007<\/a><\/b>&#8230; Durch den Einsatz von &#8222;Schl\u00fcsselbegriffen&#8220; werde sichergestellt, dass private Dateien vom durchsuchenden Programm nicht zur Kenntnis genommen w\u00fcrden und der Kernbereich der privaten Lebensgestaltung gesch\u00fctzt bleibe &#8230;<\/div>\n<p>sicherstellen? Ich habe jedenfalls meine Daten nicht ordentlich mit Schl\u00fcsselw\u00f6rtern versehen. Und der Ordner &#8222;Tools\/Netzwerk&#8220; enth\u00e4lt sicher auch meine Werkzeugsammlung zum Aufbau eines Terrornetzwerkes. Wenn die Terroristen so bl\u00f6d sind, wie Ziercke glaubt, dann wird er so etwas jedenfalls an der Stelle finden.<\/p>\n<p>Das Schlimmste an der ganzen Geschichte ist leider nicht, dass hier so himmelschreiender Bl\u00f6dsinn verzapft wird, sondern dass niemand ganz laut &#8222;AUA&#8220; schreit. Das Land besteht aus Lemmingen &#8230;<\/p><\/div>\n","protected":false},"excerpt":{"rendered":"<p>TAZ vom 26.03.2007&#8230; Die Online-Durchsuchung ist dagegen ein polizeiliches Werkzeug, das im Einzelfall gegen tatverd\u00e4chtige Schwerstkriminelle zum Einsatz kommen kann &#8211; kontrolliert und hochprofessionell &#8230; sagt der Herr Ziercke. Und erkl\u00e4rt im n\u00e4chsten Satz, dass er nat\u00fcrlich nicht \u00f6ffentlich erl\u00e4utern &hellip;<\/p>\n<p class=\"read-more\"> <a class=\"more-link\" href=\"https:\/\/www.andreas-edler.de\/blog\/2007\/03\/gezieltes-unerklarliches-durchsuchen\/\"> <span class=\"screen-reader-text\">Gezieltes, unerkl\u00e4rliches Durchsuchen<\/span> Weiterlesen &raquo;<\/a><\/p>\n","protected":false},"author":1,"featured_media":0,"comment_status":"open","ping_status":"open","sticky":false,"template":"","format":"standard","meta":{"ngg_post_thumbnail":0,"activitypub_content_warning":"","activitypub_content_visibility":"","activitypub_max_image_attachments":2,"activitypub_interaction_policy_quote":"anyone","activitypub_status":"","footnotes":""},"categories":[18,45],"tags":[19],"class_list":["post-5496","post","type-post","status-publish","format-standard","hentry","category-fraglich","category-politik","tag-tagesgeschehen"],"share_on_mastodon":{"url":"","error":""},"_links":{"self":[{"href":"https:\/\/www.andreas-edler.de\/blog\/wp-json\/wp\/v2\/posts\/5496","targetHints":{"allow":["GET"]}}],"collection":[{"href":"https:\/\/www.andreas-edler.de\/blog\/wp-json\/wp\/v2\/posts"}],"about":[{"href":"https:\/\/www.andreas-edler.de\/blog\/wp-json\/wp\/v2\/types\/post"}],"author":[{"embeddable":true,"href":"https:\/\/www.andreas-edler.de\/blog\/wp-json\/wp\/v2\/users\/1"}],"replies":[{"embeddable":true,"href":"https:\/\/www.andreas-edler.de\/blog\/wp-json\/wp\/v2\/comments?post=5496"}],"version-history":[{"count":0,"href":"https:\/\/www.andreas-edler.de\/blog\/wp-json\/wp\/v2\/posts\/5496\/revisions"}],"wp:attachment":[{"href":"https:\/\/www.andreas-edler.de\/blog\/wp-json\/wp\/v2\/media?parent=5496"}],"wp:term":[{"taxonomy":"category","embeddable":true,"href":"https:\/\/www.andreas-edler.de\/blog\/wp-json\/wp\/v2\/categories?post=5496"},{"taxonomy":"post_tag","embeddable":true,"href":"https:\/\/www.andreas-edler.de\/blog\/wp-json\/wp\/v2\/tags?post=5496"}],"curies":[{"name":"wp","href":"https:\/\/api.w.org\/{rel}","templated":true}]}}