{"id":5431,"date":"2007-02-17T08:24:00","date_gmt":"2007-02-17T07:24:00","guid":{"rendered":"http:\/\/www.andreas-edler.de\/blog\/2007\/02\/formigran-2\/"},"modified":"2013-11-01T15:31:16","modified_gmt":"2013-11-01T14:31:16","slug":"formigran-2","status":"publish","type":"post","link":"https:\/\/www.andreas-edler.de\/blog\/2007\/02\/formigran-2\/","title":{"rendered":"Formigran"},"content":{"rendered":"<p>&#8230; mu\u00df gleich wieder helfen. Schnupfen ist weg &#8230; daf\u00fcr sticht die Schl\u00e4fe :-( Und das wo ich Holz hacken will. So richtig passen tun Kopfschmerzen wohl nie &#8230;<\/p>\n<p><i>[edit:]<\/i> 1 Stunde sp\u00e4ter f\u00fchlte sich der Kopf pl\u00f6tzlich merkw\u00fcrdig leicht an und von den Beinen an, begann sich ein angenehmes Wohlgef\u00fchl einzustellen. Nochmal 1 Stunde sp\u00e4ter waren die Kopfschmerzen weg. Ich kann&#8217;s nur noch mal sagen: <b>das Zeug wirkt!<\/b><\/p>\n","protected":false},"excerpt":{"rendered":"<p>&#8230; mu\u00df gleich wieder helfen. Schnupfen ist weg &#8230; daf\u00fcr sticht die Schl\u00e4fe :-( Und das wo ich Holz hacken will. So richtig passen tun Kopfschmerzen wohl nie &#8230; [edit:] 1 Stunde sp\u00e4ter f\u00fchlte sich der Kopf pl\u00f6tzlich merkw\u00fcrdig leicht &hellip;<\/p>\n<p class=\"read-more\"> <a class=\"more-link\" href=\"https:\/\/www.andreas-edler.de\/blog\/2007\/02\/formigran-2\/\"> <span class=\"screen-reader-text\">Formigran<\/span> Weiterlesen &raquo;<\/a><\/p>\n","protected":false},"author":1,"featured_media":0,"comment_status":"open","ping_status":"open","sticky":false,"template":"","format":"standard","meta":{"ngg_post_thumbnail":0,"activitypub_content_warning":"","activitypub_content_visibility":"","activitypub_max_image_attachments":2,"activitypub_interaction_policy_quote":"anyone","activitypub_status":"","footnotes":""},"categories":[1],"tags":[7,10],"class_list":["post-5431","post","type-post","status-publish","format-standard","hentry","category-allgemein","tag-gesundheit","tag-kopfschmerzen"],"share_on_mastodon":{"url":"","error":""},"_links":{"self":[{"href":"https:\/\/www.andreas-edler.de\/blog\/wp-json\/wp\/v2\/posts\/5431","targetHints":{"allow":["GET"]}}],"collection":[{"href":"https:\/\/www.andreas-edler.de\/blog\/wp-json\/wp\/v2\/posts"}],"about":[{"href":"https:\/\/www.andreas-edler.de\/blog\/wp-json\/wp\/v2\/types\/post"}],"author":[{"embeddable":true,"href":"https:\/\/www.andreas-edler.de\/blog\/wp-json\/wp\/v2\/users\/1"}],"replies":[{"embeddable":true,"href":"https:\/\/www.andreas-edler.de\/blog\/wp-json\/wp\/v2\/comments?post=5431"}],"version-history":[{"count":0,"href":"https:\/\/www.andreas-edler.de\/blog\/wp-json\/wp\/v2\/posts\/5431\/revisions"}],"wp:attachment":[{"href":"https:\/\/www.andreas-edler.de\/blog\/wp-json\/wp\/v2\/media?parent=5431"}],"wp:term":[{"taxonomy":"category","embeddable":true,"href":"https:\/\/www.andreas-edler.de\/blog\/wp-json\/wp\/v2\/categories?post=5431"},{"taxonomy":"post_tag","embeddable":true,"href":"https:\/\/www.andreas-edler.de\/blog\/wp-json\/wp\/v2\/tags?post=5431"}],"curies":[{"name":"wp","href":"https:\/\/api.w.org\/{rel}","templated":true}]}}