{"id":5422,"date":"2007-02-08T23:42:00","date_gmt":"2007-02-08T22:42:00","guid":{"rendered":"http:\/\/www.andreas-edler.de\/blog\/2007\/02\/schauble-den-mus-man-ernst-nehmen\/"},"modified":"2007-02-08T23:42:00","modified_gmt":"2007-02-08T22:42:00","slug":"schauble-den-mus-man-ernst-nehmen","status":"publish","type":"post","link":"https:\/\/www.andreas-edler.de\/blog\/2007\/02\/schauble-den-mus-man-ernst-nehmen\/","title":{"rendered":"Sch\u00e4uble &#8230; den mu\u00df man ernst nehmen"},"content":{"rendered":"<p>Habt acht ihr W\u00e4hler. Da sitzt jemand, der \u00fcber euch entscheidet und ganz offensichtlich nicht mehr wei\u00df, was er da redet. Jedenfalls nicht, wenn all das, was er im <a href=\"http:\/\/www.taz.de\/pt\/2007\/02\/08\/a0169.1\/text\">Interview der TAZ<\/a> gesagt hat tats\u00e4chlich aus seinem Mund gekommen ist. Aber so scheint, denn <a href=\"http:\/\/www.lawblog.de\/index.php\/archives\/2007\/02\/08\/hoffnung-auf-satire-knallhart-wegrecherchiert\/\">der Herr Vetter hat ja dort nach gefragt<\/a>, der Herr Sch\u00e4uble war wohl weder besoffen noch sonst unter Drogen.<\/p>\n<p>Darf jemand, der so einen gef\u00e4hrlichen Bl\u00f6dsinn redet, einfach ungestraft weiter in der Regierung t\u00e4tig sein? Da m\u00fcssen doch s\u00e4mtliche Alarmglocken angehen, bei allen Leuten! Warum meckert da keiner?<\/p>\n","protected":false},"excerpt":{"rendered":"<p>Habt acht ihr W\u00e4hler. Da sitzt jemand, der \u00fcber euch entscheidet und ganz offensichtlich nicht mehr wei\u00df, was er da redet. Jedenfalls nicht, wenn all das, was er im Interview der TAZ gesagt hat tats\u00e4chlich aus seinem Mund gekommen ist. &hellip;<\/p>\n<p class=\"read-more\"> <a class=\"more-link\" href=\"https:\/\/www.andreas-edler.de\/blog\/2007\/02\/schauble-den-mus-man-ernst-nehmen\/\"> <span class=\"screen-reader-text\">Sch\u00e4uble &#8230; den mu\u00df man ernst nehmen<\/span> Weiterlesen &raquo;<\/a><\/p>\n","protected":false},"author":1,"featured_media":0,"comment_status":"open","ping_status":"open","sticky":false,"template":"","format":"standard","meta":{"ngg_post_thumbnail":0,"activitypub_content_warning":"","activitypub_content_visibility":"","activitypub_max_image_attachments":2,"activitypub_interaction_policy_quote":"anyone","activitypub_status":"","footnotes":""},"categories":[18,45],"tags":[],"class_list":["post-5422","post","type-post","status-publish","format-standard","hentry","category-fraglich","category-politik"],"share_on_mastodon":{"url":"","error":""},"_links":{"self":[{"href":"https:\/\/www.andreas-edler.de\/blog\/wp-json\/wp\/v2\/posts\/5422","targetHints":{"allow":["GET"]}}],"collection":[{"href":"https:\/\/www.andreas-edler.de\/blog\/wp-json\/wp\/v2\/posts"}],"about":[{"href":"https:\/\/www.andreas-edler.de\/blog\/wp-json\/wp\/v2\/types\/post"}],"author":[{"embeddable":true,"href":"https:\/\/www.andreas-edler.de\/blog\/wp-json\/wp\/v2\/users\/1"}],"replies":[{"embeddable":true,"href":"https:\/\/www.andreas-edler.de\/blog\/wp-json\/wp\/v2\/comments?post=5422"}],"version-history":[{"count":0,"href":"https:\/\/www.andreas-edler.de\/blog\/wp-json\/wp\/v2\/posts\/5422\/revisions"}],"wp:attachment":[{"href":"https:\/\/www.andreas-edler.de\/blog\/wp-json\/wp\/v2\/media?parent=5422"}],"wp:term":[{"taxonomy":"category","embeddable":true,"href":"https:\/\/www.andreas-edler.de\/blog\/wp-json\/wp\/v2\/categories?post=5422"},{"taxonomy":"post_tag","embeddable":true,"href":"https:\/\/www.andreas-edler.de\/blog\/wp-json\/wp\/v2\/tags?post=5422"}],"curies":[{"name":"wp","href":"https:\/\/api.w.org\/{rel}","templated":true}]}}