{"id":5412,"date":"2007-02-03T17:08:00","date_gmt":"2007-02-03T16:08:00","guid":{"rendered":"http:\/\/www.andreas-edler.de\/blog\/2007\/02\/mannerteilzeit\/"},"modified":"2007-02-03T17:08:00","modified_gmt":"2007-02-03T16:08:00","slug":"mannerteilzeit","status":"publish","type":"post","link":"https:\/\/www.andreas-edler.de\/blog\/2007\/02\/mannerteilzeit\/","title":{"rendered":"M\u00e4nnerteilzeit"},"content":{"rendered":"<div class=\"postzitat\"><b>dpa-news, 03.02.2007, 13:55 Uhr<\/b> Berlin (dpa) &#8211; Bundesfamilienministerin Ursula von der Leyen hat die deutschen M\u00e4nner zu einem Rollenwechsel aufgefordert. Sie m\u00fcssten k\u00fcnftig bereit sein, mehr Teilzeit zu arbeiten,  sagte von der Leyen der Zeitung \u00abDie Welt\u00bb. So k\u00f6nnten die M\u00e4nner den steigenden Anforderungen bei der Erziehung von Kindern oder der Pflege \u00e4lterer Menschen gerecht werden. Tradierte m\u00e4nnliche Arbeitsmuster m\u00fcssten \u00fcber Bord geworfen werden. Eine v\u00f6llige Angleichung der Rollen von M\u00fcttern und V\u00e4tern lehnt die Ministerin allerdings ab.<\/div>\n<p>Inwiefern sind die Anforderungen gestiegen? Ist die Schei\u00dfe in der Windel irgendwie schwerer geworden?<\/p>\n<p>Frau von der Leyen zeichnet sich offensichtlich lediglich dadurch aus, dass sie feministische Parolen absondert, ohne daf\u00fcr einen Grund zu nennen. Mir geht das Ges\u00fclze dieser Multimama mehr und mehr auf den Keks. Nat\u00fcrlich habe ich rein gar nichts dagegen, wenn ein Mann Teilzeit arbeitet und sich um Kinder oder die pflegebed\u00fcrftigen Angeh\u00f6rigen k\u00fcmmert. Er sollte dies tun, wenn es in der Familie so passt. Nicht wenn Frau von der Leyen etwas F\u00fcllsel f\u00fcr eine Rede ben\u00f6tigt.<\/p>\n<p>Warum sollte ein Elternteil zum Arbeitgeber gehen und seinen Job zur H\u00e4lfte k\u00fcndigen (sofern das \u00fcberhaupt funktioniert und der Arbeitgeber sich nicht von vornherein kaputt lacht), wenn dies bereits das andere Elternteil der Familie getan hat und somit daf\u00fcr sorgt, dass zwar die Ausgaben f\u00fcr Kind oder Pflege steigen und gleichzetig das Einkommen der Familie um mindestens 1\/3 schrumpft? Da macht es wirklich Sinn, dass der andere Familienteil geichzieht, beide keine gut bezahlte Vollzeitstelle mehr haben und auch nicht bekommen und man die Woche darauf in die 50 m\u00b2 Sozialwohnung umziehen darf.<\/p>\n<p>Herr im Himmel, in welcher Welt lebt die von der Leyen eigentlich?<\/p>\n","protected":false},"excerpt":{"rendered":"<p>dpa-news, 03.02.2007, 13:55 Uhr Berlin (dpa) &#8211; Bundesfamilienministerin Ursula von der Leyen hat die deutschen M\u00e4nner zu einem Rollenwechsel aufgefordert. Sie m\u00fcssten k\u00fcnftig bereit sein, mehr Teilzeit zu arbeiten, sagte von der Leyen der Zeitung \u00abDie Welt\u00bb. So k\u00f6nnten die &hellip;<\/p>\n<p class=\"read-more\"> <a class=\"more-link\" href=\"https:\/\/www.andreas-edler.de\/blog\/2007\/02\/mannerteilzeit\/\"> <span class=\"screen-reader-text\">M\u00e4nnerteilzeit<\/span> Weiterlesen &raquo;<\/a><\/p>\n","protected":false},"author":1,"featured_media":0,"comment_status":"open","ping_status":"open","sticky":false,"template":"","format":"standard","meta":{"ngg_post_thumbnail":0,"activitypub_content_warning":"","activitypub_content_visibility":"","activitypub_max_image_attachments":2,"activitypub_interaction_policy_quote":"anyone","activitypub_status":"","footnotes":""},"categories":[18,45],"tags":[19],"class_list":["post-5412","post","type-post","status-publish","format-standard","hentry","category-fraglich","category-politik","tag-tagesgeschehen"],"share_on_mastodon":{"url":"","error":""},"_links":{"self":[{"href":"https:\/\/www.andreas-edler.de\/blog\/wp-json\/wp\/v2\/posts\/5412","targetHints":{"allow":["GET"]}}],"collection":[{"href":"https:\/\/www.andreas-edler.de\/blog\/wp-json\/wp\/v2\/posts"}],"about":[{"href":"https:\/\/www.andreas-edler.de\/blog\/wp-json\/wp\/v2\/types\/post"}],"author":[{"embeddable":true,"href":"https:\/\/www.andreas-edler.de\/blog\/wp-json\/wp\/v2\/users\/1"}],"replies":[{"embeddable":true,"href":"https:\/\/www.andreas-edler.de\/blog\/wp-json\/wp\/v2\/comments?post=5412"}],"version-history":[{"count":0,"href":"https:\/\/www.andreas-edler.de\/blog\/wp-json\/wp\/v2\/posts\/5412\/revisions"}],"wp:attachment":[{"href":"https:\/\/www.andreas-edler.de\/blog\/wp-json\/wp\/v2\/media?parent=5412"}],"wp:term":[{"taxonomy":"category","embeddable":true,"href":"https:\/\/www.andreas-edler.de\/blog\/wp-json\/wp\/v2\/categories?post=5412"},{"taxonomy":"post_tag","embeddable":true,"href":"https:\/\/www.andreas-edler.de\/blog\/wp-json\/wp\/v2\/tags?post=5412"}],"curies":[{"name":"wp","href":"https:\/\/api.w.org\/{rel}","templated":true}]}}