{"id":5381,"date":"2007-01-15T19:42:00","date_gmt":"2007-01-15T18:42:00","guid":{"rendered":"http:\/\/www.andreas-edler.de\/blog\/2007\/01\/zur-porta-und-zuruck\/"},"modified":"2007-01-15T19:42:00","modified_gmt":"2007-01-15T18:42:00","slug":"zur-porta-und-zuruck","status":"publish","type":"post","link":"https:\/\/www.andreas-edler.de\/blog\/2007\/01\/zur-porta-und-zuruck\/","title":{"rendered":"Zur Porta und zur\u00fcck"},"content":{"rendered":"<p>Mit dem Navi radfahren macht nochmal soviel Spa\u00df wie &#8222;nackt&#8220; und ohne &#8230; eigentlich ja mehr die Nachschau. Schon lustig, dass dann in GoogleEarth zu sehen. Wird sicher irgendwann langweilig, aber noch kann ich mich da eine halbe Stunde nach jeder Tour mit besch\u00e4ftigen. Heute ging&#8217;s dann auf die kleine Runde nach Porta und zur\u00fcck. War schon dunkel als ich losfuhr. Und wo bei sommerlicheren Temperaturen als sie jetzt ohnehin schon herrschen Hundertschaften an bunt gekleideten Radlern und stringbetangaten Sonnenbankjoggerinnen den Weserradweg bev\u00f6lkern und ein z\u00fcgiges Vorankommen unm\u00f6glich machen, hatte ich den Asphalt f\u00fcr mich ganz allein! Wo ist die Bande im Winter blo\u00df?<\/p>\n<p>Die Evo X leuchtete die Stra\u00dfe auf den n\u00e4chsten 30 Metern sch\u00f6n aus und bis zur Portabr\u00fccke ging&#8217;s sehr flott. Leider hatte ich den Akku bei der gestrigen Fahrt schon ein wenig angelutscht, so dass ich die R\u00fcckfahrt nur mit halber Leuchtkraft bestreiten konnte. Und wenn ich die Strecke nicht auswendig kennen w\u00fcrde, h\u00e4tte ich noch langsamer fahren m\u00fcssen. Die lustigen Pfeiler mitten im Weg sind mit der reduzierten Evo X bei mehr als 25 Km\/h einfach nicht rechtzeitig zu sehen.<\/p>\n<p><a href=\"http:\/\/www.andreas-edler.de\/2006\/08\/der-radweg-am-ende-der-woche.html\">Ich hatte das hier schon einmal angemerkt<\/a> und sowohl im Blog als auch im &#8222;richtigen Leben&#8220; Feedback dazu bekommen &#8211; leider hat sich noch nichts getan. An der im August angesprochenen Stelle sind die Pfeiler zwar mit einer reflektierenden Farbe angemalt &#8211; das waren sie damals aber auch schon. Mit 10 Watt Halogen angestrahlt sehe ich den Pfeiler, allerdings auch wenn er schwarz w\u00e4re. Mit der halben Leuchtleistung mu\u00df man schon nahe dran sein und bei einer 0815-Funzel mit Seitenl\u00e4uferdynamo rammt man sich den Pfahl in die Weichteile. Dabei w\u00e4re so ein billiger Reflektor doch wirklich fix an den Pfeiler gepappt &#8230; braucht&#8217;s wahrscheinlich auch erst einen Planfeststellungsbescheid &#8230; ;-)<\/p>\n<p>21,1 Km | 24,6 Km\/h Schnitt | 38,1 Km\/h max. | <a href=\"http:\/\/www.andreas-edler.de\/grafik\/blog_2007\/20070115_abendrunde.kmz\">und hier die KMZ f\u00fcr GoogleEarth<\/a><\/p>\n","protected":false},"excerpt":{"rendered":"<p>Mit dem Navi radfahren macht nochmal soviel Spa\u00df wie &#8222;nackt&#8220; und ohne &#8230; eigentlich ja mehr die Nachschau. Schon lustig, dass dann in GoogleEarth zu sehen. Wird sicher irgendwann langweilig, aber noch kann ich mich da eine halbe Stunde nach &hellip;<\/p>\n<p class=\"read-more\"> <a class=\"more-link\" href=\"https:\/\/www.andreas-edler.de\/blog\/2007\/01\/zur-porta-und-zuruck\/\"> <span class=\"screen-reader-text\">Zur Porta und zur\u00fcck<\/span> Weiterlesen &raquo;<\/a><\/p>\n","protected":false},"author":1,"featured_media":0,"comment_status":"open","ping_status":"open","sticky":false,"template":"","format":"standard","meta":{"ngg_post_thumbnail":0,"activitypub_content_warning":"","activitypub_content_visibility":"","activitypub_max_image_attachments":2,"activitypub_interaction_policy_quote":"anyone","activitypub_status":"","footnotes":""},"categories":[15,18,13],"tags":[],"class_list":["post-5381","post","type-post","status-publish","format-standard","hentry","category-fahrrad","category-fraglich","category-verkehr"],"share_on_mastodon":{"url":"","error":""},"_links":{"self":[{"href":"https:\/\/www.andreas-edler.de\/blog\/wp-json\/wp\/v2\/posts\/5381","targetHints":{"allow":["GET"]}}],"collection":[{"href":"https:\/\/www.andreas-edler.de\/blog\/wp-json\/wp\/v2\/posts"}],"about":[{"href":"https:\/\/www.andreas-edler.de\/blog\/wp-json\/wp\/v2\/types\/post"}],"author":[{"embeddable":true,"href":"https:\/\/www.andreas-edler.de\/blog\/wp-json\/wp\/v2\/users\/1"}],"replies":[{"embeddable":true,"href":"https:\/\/www.andreas-edler.de\/blog\/wp-json\/wp\/v2\/comments?post=5381"}],"version-history":[{"count":0,"href":"https:\/\/www.andreas-edler.de\/blog\/wp-json\/wp\/v2\/posts\/5381\/revisions"}],"wp:attachment":[{"href":"https:\/\/www.andreas-edler.de\/blog\/wp-json\/wp\/v2\/media?parent=5381"}],"wp:term":[{"taxonomy":"category","embeddable":true,"href":"https:\/\/www.andreas-edler.de\/blog\/wp-json\/wp\/v2\/categories?post=5381"},{"taxonomy":"post_tag","embeddable":true,"href":"https:\/\/www.andreas-edler.de\/blog\/wp-json\/wp\/v2\/tags?post=5381"}],"curies":[{"name":"wp","href":"https:\/\/api.w.org\/{rel}","templated":true}]}}