{"id":53758,"date":"2014-03-24T17:38:28","date_gmt":"2014-03-24T16:38:28","guid":{"rendered":"http:\/\/www.andreas-edler.de\/blog\/?p=53758"},"modified":"2014-03-24T17:38:28","modified_gmt":"2014-03-24T16:38:28","slug":"abstand-und-benehmen","status":"publish","type":"post","link":"https:\/\/www.andreas-edler.de\/blog\/2014\/03\/abstand-und-benehmen\/","title":{"rendered":"Abstand und Benehmen"},"content":{"rendered":"<div class=\"bild\" style=\"font-size: smaller;\"><img decoding=\"async\" src=\"http:\/\/www.andreas-edler.de\/grafik\/logo_rad.png\" alt=\"Logo: Fahrrad\" title=\"Logo: Fahrrad\" width=\"250\" border=\"0\"><\/div>\n<p> Heute morgen bewies mir im D\u00f6rgen wieder einmal ein Autofahrer, wie er die Stra\u00dfenverkehrsordnung auslegte. Ich fuhr wie immer mit dem Rad zur Arbeit, ca. 25 Km\/h, Abstand zum rechten Hochbord deutlich mehr als einen Meter, wom\u00f6glich auch schon mehr zur Mitte der Fahrbahn hin, da ich nur noch ca. 20 Meter von der Eidinghausener Stra\u00dfe entfernt war und gedachte, links abzubiegen. In diesem Augenblick \u00fcberholt mich ein dunkler Audi-Kombi mit deutlichem Geschwindigkeits\u00fcberschuss, knapp Ellenbogenabstand und schert mit nicht einmal einem halben Meter Abstand seines Hecks zu meinem Vorderrad vor mir wieder ein. Aber nur, um sofort voll in die Eisen zu gehen &#8230; weil, wie erw\u00e4hnt, da war dann auch schon die Eidinghausener Stra\u00dfe.<!--more--><\/p>\n<p>Ich bin erbost an ihm vorbei gefahren und habe geschimpft, was das solle. War wirklich knapp, ich musste verdammt abbremsen und nach links ausweichen und war etwas sauer. <\/p>\n<p>Der Autofahrer war wahrscheinlich angenervt, weil er aus der Flachsbleiche kommend, mir bereits meine Vorfahrt auf dem D\u00f6rgen gew\u00e4hren musste. Dann hat er es geschafft, 70 Meter hinter mir zu bleiben (auf dem Teil parkte auch noch ein Fahrzeug rechts am Rand) und musste doch noch \u00fcberholen. Das einzige was ihm dazu einfiel war jedoch, aus der ge\u00f6ffneten T\u00fcr zu rufen &#8222;Du musst auch mal mehr rechts fahren als Radfahrer!&#8220;. Nun, das ist nat\u00fcrlich fast richtig. Rechtsfahrgebot bedeutet, die rechte von zwei Fahrspuren bzw. &#8222;m\u00f6glichst weit&#8220; rechts. Nicht &#8222;im Rinnstein&#8220;, auch wenn Autofahrer das so sehen. Und schon gar nicht bedeutet es &#8222;mal mehr rechts&#8220; aus der jeweiligen Sicht eines \u00fcberholenden Autofahrers.<\/p>\n<p>Wenn ich abbiegen will, ordne ich mich zudem entsprechend ein. Und ich bin an der Stelle bewusst so weit links gefahren, damit nicht irgendein, in den Regeln nicht ganz sattelfester und in seinem Statusdenken leicht verwirrter, Kraftfahrzeugf\u00fchrer auf den Gedanken kommt, mich so kurz vor der Einm\u00fcndung in eine andere Stra\u00dfe noch zu \u00fcberholen. Das ist n\u00e4mlich gef\u00e4hrlich. Im \u00fcbrigen war mein Tempo knapp unter dem erlaubten Maximum von 30 Km\/h, so dass auch hier keine Behinderung vorlag.<\/p>\n<p>Weiterhin frage ich mich, wie der motorisierte Verkehrsteilnehmer \u00fcberhaupt auf das schmale Brett kommt, ich m\u00fcsse als Radfahrer auch mal mehr rechts fahren. Warum \u00fcberhaupt? Wie gesagt, er durfte mich eigentlich gar nicht \u00fcberholen. Er fuhr zu schnell, hat den Mindestabstand nicht eingehalten und hatte nach vorne hin auch keinen Platz, um sich ohne Gef\u00e4hrdung wieder einzuordnen. \u00dcberholvorgang also nicht erlaubt. Quasi alles falsch gemacht. Und *ich* soll mehr rechts fahren? Hat er als Autofahrer mehr Rechte? Wenn ja, warum? Ich war auf dem Weg zur Arbeit und er wahrscheinlich auch. Ich benutzte die Stra\u00dfe bestimmungsgem\u00e4\u00df und nicht zum Spa\u00df und er (wahrscheinlich) auch. Warum soll ich ihm mehr Platz verschaffen, w\u00e4hrend ich ihn noch nicht einmal behinderte oder auch nur bremste, sondern ganz normal am Stra\u00dfenverkehr teilnahm?<\/p>\n<p>Ich kenne die Antwort: weil er im Auto sa\u00df. Einen anderen Unterschied zwischen uns beiden Verkehrsteilnehmern gab es heute morgen ja nicht. Und mal ehrlich: ich soll auf jemanden R\u00fccksicht nehmen, der das gef\u00e4hrlichere Verkehrsmittel bewegt, der fast das zehnfache an Platz verbraucht, der den Staat mehr Geld kostet (ich zahle die gleichen Steuern!), der die Umwelt sch\u00e4digt und mehr Ressourcen verbraucht? Ist das die Berechtigung, die ben\u00f6tigt wird, um Radfahrer zu schneiden und abzudr\u00e4ngen? <\/p>\n","protected":false},"excerpt":{"rendered":"<p>Heute morgen bewies mir im D\u00f6rgen wieder einmal ein Autofahrer, wie er die Stra\u00dfenverkehrsordnung auslegte. Ich fuhr wie immer mit dem Rad zur Arbeit, ca. 25 Km\/h, Abstand zum rechten Hochbord deutlich mehr als einen Meter, wom\u00f6glich auch schon mehr &hellip;<\/p>\n<p class=\"read-more\"> <a class=\"more-link\" href=\"https:\/\/www.andreas-edler.de\/blog\/2014\/03\/abstand-und-benehmen\/\"> <span class=\"screen-reader-text\">Abstand und Benehmen<\/span> Weiterlesen &raquo;<\/a><\/p>\n","protected":false},"author":1,"featured_media":0,"comment_status":"open","ping_status":"open","sticky":false,"template":"","format":"standard","meta":{"ngg_post_thumbnail":0,"activitypub_content_warning":"","activitypub_content_visibility":"","activitypub_max_image_attachments":2,"activitypub_interaction_policy_quote":"anyone","activitypub_status":"","footnotes":""},"categories":[15,13],"tags":[63,124,71],"class_list":["post-53758","post","type-post","status-publish","format-standard","hentry","category-fahrrad","category-verkehr","tag-benehmen","tag-datensicherheit","tag-regeln"],"share_on_mastodon":{"url":"","error":""},"_links":{"self":[{"href":"https:\/\/www.andreas-edler.de\/blog\/wp-json\/wp\/v2\/posts\/53758","targetHints":{"allow":["GET"]}}],"collection":[{"href":"https:\/\/www.andreas-edler.de\/blog\/wp-json\/wp\/v2\/posts"}],"about":[{"href":"https:\/\/www.andreas-edler.de\/blog\/wp-json\/wp\/v2\/types\/post"}],"author":[{"embeddable":true,"href":"https:\/\/www.andreas-edler.de\/blog\/wp-json\/wp\/v2\/users\/1"}],"replies":[{"embeddable":true,"href":"https:\/\/www.andreas-edler.de\/blog\/wp-json\/wp\/v2\/comments?post=53758"}],"version-history":[{"count":0,"href":"https:\/\/www.andreas-edler.de\/blog\/wp-json\/wp\/v2\/posts\/53758\/revisions"}],"wp:attachment":[{"href":"https:\/\/www.andreas-edler.de\/blog\/wp-json\/wp\/v2\/media?parent=53758"}],"wp:term":[{"taxonomy":"category","embeddable":true,"href":"https:\/\/www.andreas-edler.de\/blog\/wp-json\/wp\/v2\/categories?post=53758"},{"taxonomy":"post_tag","embeddable":true,"href":"https:\/\/www.andreas-edler.de\/blog\/wp-json\/wp\/v2\/tags?post=53758"}],"curies":[{"name":"wp","href":"https:\/\/api.w.org\/{rel}","templated":true}]}}