{"id":5350,"date":"2006-12-30T00:51:00","date_gmt":"2006-12-29T23:51:00","guid":{"rendered":"http:\/\/www.andreas-edler.de\/blog\/2006\/12\/gez-gebuhren\/"},"modified":"2006-12-30T00:51:00","modified_gmt":"2006-12-29T23:51:00","slug":"gez-gebuhren","status":"publish","type":"post","link":"https:\/\/www.andreas-edler.de\/blog\/2006\/12\/gez-gebuhren\/","title":{"rendered":"GEZ Geb\u00fchren"},"content":{"rendered":"<p>Der Raubritterwahn hat eine neue Bl\u00fcte getrieben &#8230;<\/p>\n<div class=\"postzitat\"><i><b>29.12.2006, 15:03 Uhr, L\u00fcneburg (dpa)<\/b><\/i> -Autoh\u00e4user m\u00fcssen f\u00fcr die Radios in ihren Vorf\u00fchrwagen Rundfunkgeb\u00fchren zahlen. Das hat das Nieders\u00e4chsische Oberverwaltungsgericht in L\u00fcneburg entschieden. Geklagt hatte eine Autohausbesitzerin. Sie hatte argumentiert, sie halte die Radios nicht zum Empfang bereit, sondern biete sie nur zum Verkauf an. F\u00fcr die Geb\u00fchrenpflicht reiche aber die M\u00f6glichkeit aus, Radioprogramme zu empfangen, wiesen die Richter die Klage zur\u00fcck. Eine Ausnahme, wie sie f\u00fcr Radio-Fachgesch\u00e4fte gilt, sei auf Autoh\u00e4user nicht anwendbar.<\/div>\n<p>Ist da irgendwo Menschenverstand dort drau\u00dfen? Mu\u00df nicht auch ein Richter ein gewisses Mindestma\u00df an &#8230; wie soll man das nennen, \u00dcberblick? Verstand? Denken? &#8230; besitzen?<\/p>\n<p>Wann kommt endlich die Verschl\u00fcsselung f\u00fcr *alle* Rundfunkprogramme, und das was ich sehen und h\u00f6ren m\u00f6chte, das bezahle ich auch. Florian Silbereisen, Karl Moik und was sonst noch an Debilit\u00e4ten im \u00f6ffentlich Rechtlichen auf die Menschheit losgelasen wird, finanziere ich n\u00e4mlich nur mit Bauchschmerzen! Aber ich mu\u00df ja &#8230; das ist wirklich eine Frechheit. Nicht das Programm, wer es gucken will, soll es tun. Aber das ich etwas bezahlen mu\u00df, was ich nicht nutzen m\u00f6chte, das ist mir nicht erkl\u00e4rlich.<\/p>\n","protected":false},"excerpt":{"rendered":"<p>Der Raubritterwahn hat eine neue Bl\u00fcte getrieben &#8230; 29.12.2006, 15:03 Uhr, L\u00fcneburg (dpa) -Autoh\u00e4user m\u00fcssen f\u00fcr die Radios in ihren Vorf\u00fchrwagen Rundfunkgeb\u00fchren zahlen. Das hat das Nieders\u00e4chsische Oberverwaltungsgericht in L\u00fcneburg entschieden. Geklagt hatte eine Autohausbesitzerin. Sie hatte argumentiert, sie halte &hellip;<\/p>\n<p class=\"read-more\"> <a class=\"more-link\" href=\"https:\/\/www.andreas-edler.de\/blog\/2006\/12\/gez-gebuhren\/\"> <span class=\"screen-reader-text\">GEZ Geb\u00fchren<\/span> Weiterlesen &raquo;<\/a><\/p>\n","protected":false},"author":1,"featured_media":0,"comment_status":"open","ping_status":"open","sticky":false,"template":"","format":"standard","meta":{"ngg_post_thumbnail":0,"activitypub_content_warning":"","activitypub_content_visibility":"","activitypub_max_image_attachments":2,"activitypub_interaction_policy_quote":"anyone","activitypub_status":"","footnotes":""},"categories":[18,45],"tags":[12,19],"class_list":["post-5350","post","type-post","status-publish","format-standard","hentry","category-fraglich","category-politik","tag-fernsehen","tag-tagesgeschehen"],"share_on_mastodon":{"url":"","error":""},"_links":{"self":[{"href":"https:\/\/www.andreas-edler.de\/blog\/wp-json\/wp\/v2\/posts\/5350","targetHints":{"allow":["GET"]}}],"collection":[{"href":"https:\/\/www.andreas-edler.de\/blog\/wp-json\/wp\/v2\/posts"}],"about":[{"href":"https:\/\/www.andreas-edler.de\/blog\/wp-json\/wp\/v2\/types\/post"}],"author":[{"embeddable":true,"href":"https:\/\/www.andreas-edler.de\/blog\/wp-json\/wp\/v2\/users\/1"}],"replies":[{"embeddable":true,"href":"https:\/\/www.andreas-edler.de\/blog\/wp-json\/wp\/v2\/comments?post=5350"}],"version-history":[{"count":0,"href":"https:\/\/www.andreas-edler.de\/blog\/wp-json\/wp\/v2\/posts\/5350\/revisions"}],"wp:attachment":[{"href":"https:\/\/www.andreas-edler.de\/blog\/wp-json\/wp\/v2\/media?parent=5350"}],"wp:term":[{"taxonomy":"category","embeddable":true,"href":"https:\/\/www.andreas-edler.de\/blog\/wp-json\/wp\/v2\/categories?post=5350"},{"taxonomy":"post_tag","embeddable":true,"href":"https:\/\/www.andreas-edler.de\/blog\/wp-json\/wp\/v2\/tags?post=5350"}],"curies":[{"name":"wp","href":"https:\/\/api.w.org\/{rel}","templated":true}]}}