{"id":5343,"date":"2006-12-24T13:17:00","date_gmt":"2006-12-24T12:17:00","guid":{"rendered":"http:\/\/www.andreas-edler.de\/blog\/2006\/12\/stihl-kalender-2007\/"},"modified":"2013-11-01T15:25:24","modified_gmt":"2013-11-01T14:25:24","slug":"stihl-kalender-2007","status":"publish","type":"post","link":"https:\/\/www.andreas-edler.de\/blog\/2006\/12\/stihl-kalender-2007\/","title":{"rendered":"Stihl Kalender 2007"},"content":{"rendered":"<div class=\"bild\"><img decoding=\"async\" src=\"http:\/\/www.andreas-edler.de\/grafik\/blog\/20061224_stihl_kalender_2007.jpg\"><\/div>\n<p>Das neue Jahr ist gerettet! Ich war wohl brav genug, damit mir der Weihnachtsmann den Kalender mit den \u00fcberzeugend pr\u00e4sentierten Garten- und Holzbearbeitungsmaschinen gebracht hat :-)<\/p>\n<p>Diesmal werden die Ger\u00e4te von versierten Technikerinnen vor einem virtuellen Hintergrund vorgestellt &#8211; im letzten Jahr hielt daf\u00fcr eine Dschungelkulisse her. Zus\u00e4tzlich waren im Kalender des aktuellen Jahrs teilweise Assistenten der Technikerinnen im Bild. Das wirkte nicht ganz so sch\u00f6n &#8211; wobei das eine Kritik auf hohem Niveau ist. Ich freu&#8216; mich jetzt jedenfalls auf den Januar!<\/p>\n<p><i>[edit]<\/i>Na bitte, das nenne ich doch mal gro\u00dfz\u00fcgig: den gibt&#8217;s auch als <a href=\"http:\/\/www.publicis-erlangen.de\/de\/news\/presse\/Stihl_2007\/index.cfm\">PDF<\/a> zum Download!<i>[\/edit]<\/i><\/p>\n","protected":false},"excerpt":{"rendered":"<p>Das neue Jahr ist gerettet! Ich war wohl brav genug, damit mir der Weihnachtsmann den Kalender mit den \u00fcberzeugend pr\u00e4sentierten Garten- und Holzbearbeitungsmaschinen gebracht hat :-) Diesmal werden die Ger\u00e4te von versierten Technikerinnen vor einem virtuellen Hintergrund vorgestellt &#8211; im &hellip;<\/p>\n<p class=\"read-more\"> <a class=\"more-link\" href=\"https:\/\/www.andreas-edler.de\/blog\/2006\/12\/stihl-kalender-2007\/\"> <span class=\"screen-reader-text\">Stihl Kalender 2007<\/span> Weiterlesen &raquo;<\/a><\/p>\n","protected":false},"author":1,"featured_media":0,"comment_status":"open","ping_status":"open","sticky":false,"template":"","format":"standard","meta":{"ngg_post_thumbnail":0,"activitypub_content_warning":"","activitypub_content_visibility":"","activitypub_max_image_attachments":2,"activitypub_interaction_policy_quote":"anyone","activitypub_status":"","footnotes":""},"categories":[1],"tags":[32,8,20,19],"class_list":["post-5343","post","type-post","status-publish","format-standard","hentry","category-allgemein","tag-gewinner","tag-klottenkram","tag-stihl","tag-tagesgeschehen"],"share_on_mastodon":{"url":"","error":""},"_links":{"self":[{"href":"https:\/\/www.andreas-edler.de\/blog\/wp-json\/wp\/v2\/posts\/5343","targetHints":{"allow":["GET"]}}],"collection":[{"href":"https:\/\/www.andreas-edler.de\/blog\/wp-json\/wp\/v2\/posts"}],"about":[{"href":"https:\/\/www.andreas-edler.de\/blog\/wp-json\/wp\/v2\/types\/post"}],"author":[{"embeddable":true,"href":"https:\/\/www.andreas-edler.de\/blog\/wp-json\/wp\/v2\/users\/1"}],"replies":[{"embeddable":true,"href":"https:\/\/www.andreas-edler.de\/blog\/wp-json\/wp\/v2\/comments?post=5343"}],"version-history":[{"count":0,"href":"https:\/\/www.andreas-edler.de\/blog\/wp-json\/wp\/v2\/posts\/5343\/revisions"}],"wp:attachment":[{"href":"https:\/\/www.andreas-edler.de\/blog\/wp-json\/wp\/v2\/media?parent=5343"}],"wp:term":[{"taxonomy":"category","embeddable":true,"href":"https:\/\/www.andreas-edler.de\/blog\/wp-json\/wp\/v2\/categories?post=5343"},{"taxonomy":"post_tag","embeddable":true,"href":"https:\/\/www.andreas-edler.de\/blog\/wp-json\/wp\/v2\/tags?post=5343"}],"curies":[{"name":"wp","href":"https:\/\/api.w.org\/{rel}","templated":true}]}}