{"id":5337,"date":"2006-12-19T23:50:00","date_gmt":"2006-12-19T22:50:00","guid":{"rendered":"http:\/\/www.andreas-edler.de\/blog\/2006\/12\/thinkpad-t23\/"},"modified":"2013-11-01T15:25:54","modified_gmt":"2013-11-01T14:25:54","slug":"thinkpad-t23","status":"publish","type":"post","link":"https:\/\/www.andreas-edler.de\/blog\/2006\/12\/thinkpad-t23\/","title":{"rendered":"Thinkpad T23"},"content":{"rendered":"<p>Heute ist er dann endlich gekommen: mein neuer, gebrauchter Laptop. Der T600e tut zwar immer noch klaglos seine Arbeit, aber er ist doch ein wenig langsam mit den 366 Mhz. Nun werkelt hier ein P III Mobile mit 1,2 Ghz &#8230; das ist sp\u00fcrbar schneller. Und das Display erst &#8230; 1.400 x 1.050 Pixel &#8230; habt ihr das auch, Aldiuser? :-)<\/p>\n<p>Ja, die Kiste ist 4 Jahre alt, aber die Tastatur tippt sich besser, als die letzten 5 Medions und Fujitsu-Siemens, die ich einrichten durfte. Cooles Ding &#8211; und so g\u00fcnstig. Nur einen Speicherriegel mu\u00df ich wohl noch nachr\u00fcsten, 256 MB sind &#8217;n bi\u00dfchen d\u00fcnn.<\/p>\n","protected":false},"excerpt":{"rendered":"<p>Heute ist er dann endlich gekommen: mein neuer, gebrauchter Laptop. Der T600e tut zwar immer noch klaglos seine Arbeit, aber er ist doch ein wenig langsam mit den 366 Mhz. Nun werkelt hier ein P III Mobile mit 1,2 Ghz &hellip;<\/p>\n<p class=\"read-more\"> <a class=\"more-link\" href=\"https:\/\/www.andreas-edler.de\/blog\/2006\/12\/thinkpad-t23\/\"> <span class=\"screen-reader-text\">Thinkpad T23<\/span> Weiterlesen &raquo;<\/a><\/p>\n","protected":false},"author":1,"featured_media":0,"comment_status":"open","ping_status":"open","sticky":false,"template":"","format":"standard","meta":{"ngg_post_thumbnail":0,"activitypub_content_warning":"","activitypub_content_visibility":"","activitypub_max_image_attachments":2,"activitypub_interaction_policy_quote":"anyone","activitypub_status":"","footnotes":""},"categories":[22],"tags":[24,46],"class_list":["post-5337","post","type-post","status-publish","format-standard","hentry","category-basteln","tag-computer","tag-technik"],"share_on_mastodon":{"url":"","error":""},"_links":{"self":[{"href":"https:\/\/www.andreas-edler.de\/blog\/wp-json\/wp\/v2\/posts\/5337","targetHints":{"allow":["GET"]}}],"collection":[{"href":"https:\/\/www.andreas-edler.de\/blog\/wp-json\/wp\/v2\/posts"}],"about":[{"href":"https:\/\/www.andreas-edler.de\/blog\/wp-json\/wp\/v2\/types\/post"}],"author":[{"embeddable":true,"href":"https:\/\/www.andreas-edler.de\/blog\/wp-json\/wp\/v2\/users\/1"}],"replies":[{"embeddable":true,"href":"https:\/\/www.andreas-edler.de\/blog\/wp-json\/wp\/v2\/comments?post=5337"}],"version-history":[{"count":0,"href":"https:\/\/www.andreas-edler.de\/blog\/wp-json\/wp\/v2\/posts\/5337\/revisions"}],"wp:attachment":[{"href":"https:\/\/www.andreas-edler.de\/blog\/wp-json\/wp\/v2\/media?parent=5337"}],"wp:term":[{"taxonomy":"category","embeddable":true,"href":"https:\/\/www.andreas-edler.de\/blog\/wp-json\/wp\/v2\/categories?post=5337"},{"taxonomy":"post_tag","embeddable":true,"href":"https:\/\/www.andreas-edler.de\/blog\/wp-json\/wp\/v2\/tags?post=5337"}],"curies":[{"name":"wp","href":"https:\/\/api.w.org\/{rel}","templated":true}]}}