{"id":5320,"date":"2006-12-09T17:50:00","date_gmt":"2006-12-09T16:50:00","guid":{"rendered":"http:\/\/www.andreas-edler.de\/blog\/2006\/12\/tagewerk-2\/"},"modified":"2006-12-09T17:50:00","modified_gmt":"2006-12-09T16:50:00","slug":"tagewerk-2","status":"publish","type":"post","link":"https:\/\/www.andreas-edler.de\/blog\/2006\/12\/tagewerk-2\/","title":{"rendered":"Tagewerk"},"content":{"rendered":"<p>Nachdem ich heute morgen ganz, ganz kurz im B\u00fcro war, um eine Kleinigkeit upzuloaden, habe ich mich dem halbleeren Kaminholzstapel gewidmet. Umgestapelt in den Carport und \u00fcber den verbliebenen Rest ein Dach aus Restbrettern gelegt. Jetzt sieht&#8217;s wieder halbwegs ordentlich aus und wir m\u00fcssen nicht in den Regen zum Holz holen.<\/p>\n<p>Und weil das Wetter so gut war, habe ich mich endlich mal wieder in den Sattel geschwungen und bin &#8217;ne kleine Runde gefahren. Durch L\u00f6hne, hoch zum Wittel und die Koblenzer zur\u00fcck. In der Innenstadt war der Weihnachtsmarkt sogar gut besucht. Sch\u00f6n.<\/p>\n<p>Und gleich bastel ich an einer Auftragsarbeit weiter, w\u00e4hrend ich ganz klein im Fenster &#8222;Wetten dass &#8230;&#8220; laufen lasse. Bei den letzten beiden Sachen wei\u00df ich allerdings noch nicht, welchen Teil ich weglassen sollte!<\/p>\n<p>22,2 Km\/h | 24,1 Km\/h Schnitt | 49,9 Km\/h max | 179 H\u00f6henmeter<\/p>\n","protected":false},"excerpt":{"rendered":"<p>Nachdem ich heute morgen ganz, ganz kurz im B\u00fcro war, um eine Kleinigkeit upzuloaden, habe ich mich dem halbleeren Kaminholzstapel gewidmet. Umgestapelt in den Carport und \u00fcber den verbliebenen Rest ein Dach aus Restbrettern gelegt. Jetzt sieht&#8217;s wieder halbwegs ordentlich &hellip;<\/p>\n<p class=\"read-more\"> <a class=\"more-link\" href=\"https:\/\/www.andreas-edler.de\/blog\/2006\/12\/tagewerk-2\/\"> <span class=\"screen-reader-text\">Tagewerk<\/span> Weiterlesen &raquo;<\/a><\/p>\n","protected":false},"author":1,"featured_media":0,"comment_status":"open","ping_status":"open","sticky":false,"template":"","format":"standard","meta":{"ngg_post_thumbnail":0,"activitypub_content_warning":"","activitypub_content_visibility":"","activitypub_max_image_attachments":2,"activitypub_interaction_policy_quote":"anyone","activitypub_status":"","footnotes":""},"categories":[15],"tags":[48],"class_list":["post-5320","post","type-post","status-publish","format-standard","hentry","category-fahrrad","tag-arbeit"],"share_on_mastodon":{"url":"","error":""},"_links":{"self":[{"href":"https:\/\/www.andreas-edler.de\/blog\/wp-json\/wp\/v2\/posts\/5320","targetHints":{"allow":["GET"]}}],"collection":[{"href":"https:\/\/www.andreas-edler.de\/blog\/wp-json\/wp\/v2\/posts"}],"about":[{"href":"https:\/\/www.andreas-edler.de\/blog\/wp-json\/wp\/v2\/types\/post"}],"author":[{"embeddable":true,"href":"https:\/\/www.andreas-edler.de\/blog\/wp-json\/wp\/v2\/users\/1"}],"replies":[{"embeddable":true,"href":"https:\/\/www.andreas-edler.de\/blog\/wp-json\/wp\/v2\/comments?post=5320"}],"version-history":[{"count":0,"href":"https:\/\/www.andreas-edler.de\/blog\/wp-json\/wp\/v2\/posts\/5320\/revisions"}],"wp:attachment":[{"href":"https:\/\/www.andreas-edler.de\/blog\/wp-json\/wp\/v2\/media?parent=5320"}],"wp:term":[{"taxonomy":"category","embeddable":true,"href":"https:\/\/www.andreas-edler.de\/blog\/wp-json\/wp\/v2\/categories?post=5320"},{"taxonomy":"post_tag","embeddable":true,"href":"https:\/\/www.andreas-edler.de\/blog\/wp-json\/wp\/v2\/tags?post=5320"}],"curies":[{"name":"wp","href":"https:\/\/api.w.org\/{rel}","templated":true}]}}