{"id":5285,"date":"2006-11-15T18:44:00","date_gmt":"2006-11-15T17:44:00","guid":{"rendered":"http:\/\/www.andreas-edler.de\/blog\/2006\/11\/tour-navigiert\/"},"modified":"2006-11-15T18:44:00","modified_gmt":"2006-11-15T17:44:00","slug":"tour-navigiert","status":"publish","type":"post","link":"https:\/\/www.andreas-edler.de\/blog\/2006\/11\/tour-navigiert\/","title":{"rendered":"Tour navigiert"},"content":{"rendered":"<div class=\"bild\"><img decoding=\"async\" src=\"http:\/\/www.andreas-edler.de\/grafik\/blog\/20061115_garmin.jpg\"><\/div>\n<p>Hab&#8216; lange genug gewartet auf den Anruf meiner Tante, dass das ersehnte Paket endlich da sei. Leider hatte ich gestern Abend keine Zeit mehr, mich mit dem Teil zu besch\u00e4ftigen, aber heute bin ich dann zeitig aus dem B\u00fcro verschwunden und habe Petrus&#8216; Gunst genutzt, um eine kleine Feierabendrunde zu drehen.<\/p>\n<p>Nur zum gucken, was da passiert. Leider habe ich f\u00fcr das <b>Garmin Geko 301<\/b> noch keine Fahrradhalterung und so wurde das Teil in die Trikottasche verbannt und ich konnte nicht den Kompass und\/oder die Karte bzw. die gepunktete Routenlinie beobachten. Das musste ich auf eben verschieben und &#8230; naja &#8230; ziemlich unspektakul\u00e4r. Ist halt eine gepunktete Linie :-) Mit der entsprechenden Software &#8211; und wenn ich mich dann mal durch alle Menus gearbeitet habe &#8211; soll da wohl was ordentliches dabei rauskommen.<\/p>\n<p>Das Ei auf dem Bild beschreibt jedenfalls den Weg von hier bis Gl\u00f6semyer, dann die L\u00fcbbecker rauf bis zum Alten Salzweg und den dann ganz durch bis Werste und von der Einm\u00fcndung in die Bergkirchener bis zu uns.<\/p>\n<p>18 Km | 27,2 Km\/h Schnitt | 15\u00b0C | 52 Km\/h max. | 605 Kalorien<\/p>\n","protected":false},"excerpt":{"rendered":"<p>Hab&#8216; lange genug gewartet auf den Anruf meiner Tante, dass das ersehnte Paket endlich da sei. Leider hatte ich gestern Abend keine Zeit mehr, mich mit dem Teil zu besch\u00e4ftigen, aber heute bin ich dann zeitig aus dem B\u00fcro verschwunden &hellip;<\/p>\n<p class=\"read-more\"> <a class=\"more-link\" href=\"https:\/\/www.andreas-edler.de\/blog\/2006\/11\/tour-navigiert\/\"> <span class=\"screen-reader-text\">Tour navigiert<\/span> Weiterlesen &raquo;<\/a><\/p>\n","protected":false},"author":1,"featured_media":0,"comment_status":"open","ping_status":"open","sticky":false,"template":"","format":"standard","meta":{"ngg_post_thumbnail":0,"activitypub_content_warning":"","activitypub_content_visibility":"","activitypub_max_image_attachments":2,"activitypub_interaction_policy_quote":"anyone","activitypub_status":"","footnotes":""},"categories":[15],"tags":[],"class_list":["post-5285","post","type-post","status-publish","format-standard","hentry","category-fahrrad"],"share_on_mastodon":{"url":"","error":""},"_links":{"self":[{"href":"https:\/\/www.andreas-edler.de\/blog\/wp-json\/wp\/v2\/posts\/5285","targetHints":{"allow":["GET"]}}],"collection":[{"href":"https:\/\/www.andreas-edler.de\/blog\/wp-json\/wp\/v2\/posts"}],"about":[{"href":"https:\/\/www.andreas-edler.de\/blog\/wp-json\/wp\/v2\/types\/post"}],"author":[{"embeddable":true,"href":"https:\/\/www.andreas-edler.de\/blog\/wp-json\/wp\/v2\/users\/1"}],"replies":[{"embeddable":true,"href":"https:\/\/www.andreas-edler.de\/blog\/wp-json\/wp\/v2\/comments?post=5285"}],"version-history":[{"count":0,"href":"https:\/\/www.andreas-edler.de\/blog\/wp-json\/wp\/v2\/posts\/5285\/revisions"}],"wp:attachment":[{"href":"https:\/\/www.andreas-edler.de\/blog\/wp-json\/wp\/v2\/media?parent=5285"}],"wp:term":[{"taxonomy":"category","embeddable":true,"href":"https:\/\/www.andreas-edler.de\/blog\/wp-json\/wp\/v2\/categories?post=5285"},{"taxonomy":"post_tag","embeddable":true,"href":"https:\/\/www.andreas-edler.de\/blog\/wp-json\/wp\/v2\/tags?post=5285"}],"curies":[{"name":"wp","href":"https:\/\/api.w.org\/{rel}","templated":true}]}}