{"id":5281,"date":"2006-11-12T00:52:00","date_gmt":"2006-11-11T23:52:00","guid":{"rendered":"http:\/\/www.andreas-edler.de\/blog\/2006\/11\/die-7-zwerge-der-wald-ist-nicht-genug-2\/"},"modified":"2013-11-01T15:14:05","modified_gmt":"2013-11-01T14:14:05","slug":"die-7-zwerge-der-wald-ist-nicht-genug-2","status":"publish","type":"post","link":"https:\/\/www.andreas-edler.de\/blog\/2006\/11\/die-7-zwerge-der-wald-ist-nicht-genug-2\/","title":{"rendered":"Die 7 Zwerge &#8211; Der Wald ist nicht genug"},"content":{"rendered":"<div class=\"bild\"><img decoding=\"async\" src=\"http:\/\/www.filmfacts.de\/grafic\/jpeg\/7_zwerge_2_poster.jpg\"><\/div>\n<p>Der erste Teil war schon nicht der Bringer. Ottos Witze &#8211; fr\u00fcher habe ich mich gekringelt &#8211; reizen maximal zu einem m\u00fcden L\u00e4cheln und deutsche Kom\u00f6dianten &#8230; naja &#8230; sollen sie Kom\u00f6die machen, aber nicht auf einem Haufen. Sei&#8217;s drum, wenn ich nicht gucke, kann ich auch nicht dr\u00fcber l\u00e4stern ;-) Und ein bi\u00dfchen neugierig war ich dann doch &#8230;<\/p>\n<p><a href=\"http:\/\/www.filmfacts.de\/film\/kritiken\/7_zwerge_der_wald_ist_nicht_genug.php\">Hier die komplette, ausf\u00fchrlichere Kritik lesen!<\/a><\/p>\n<p>&#8222;Die 7 Zwerge &#8211; Der Wald ist nicht genug&#8220; ist ein Rohrkrepierer allererster Kaj\u00fcte. Ich habe mich lange nicht so \u00fcber einen Kinobesuch ge\u00e4rgert &#8211; wohl auch, weil ich etwas selektierter die Lichtspielh\u00e4user besuche. Die begleitenden Umst\u00e4nde beginnen mich mit fortschreitendem Alter schlicht mehr und mehr zu nerven. Raubkopiererspots, gelangweilte Mitarbeiter und pekige Bestuhlung machen mir manchen Besuch im Kino mies. Wenn dann auch noch das Kinoplex 40 Minuten Werbung vor so einem miesen Film zeigt, \u00fcberlege ich mir den n\u00e4chsten Trip ins Kino sehr genau.<\/p>\n","protected":false},"excerpt":{"rendered":"<p>Der erste Teil war schon nicht der Bringer. Ottos Witze &#8211; fr\u00fcher habe ich mich gekringelt &#8211; reizen maximal zu einem m\u00fcden L\u00e4cheln und deutsche Kom\u00f6dianten &#8230; naja &#8230; sollen sie Kom\u00f6die machen, aber nicht auf einem Haufen. Sei&#8217;s drum, &hellip;<\/p>\n<p class=\"read-more\"> <a class=\"more-link\" href=\"https:\/\/www.andreas-edler.de\/blog\/2006\/11\/die-7-zwerge-der-wald-ist-nicht-genug-2\/\"> <span class=\"screen-reader-text\">Die 7 Zwerge &#8211; Der Wald ist nicht genug<\/span> Weiterlesen &raquo;<\/a><\/p>\n","protected":false},"author":1,"featured_media":0,"comment_status":"open","ping_status":"open","sticky":false,"template":"","format":"standard","meta":{"ngg_post_thumbnail":0,"activitypub_content_warning":"","activitypub_content_visibility":"","activitypub_max_image_attachments":2,"activitypub_interaction_policy_quote":"anyone","activitypub_status":"","footnotes":""},"categories":[1],"tags":[11,9],"class_list":["post-5281","post","type-post","status-publish","format-standard","hentry","category-allgemein","tag-film","tag-kino"],"share_on_mastodon":{"url":"","error":""},"_links":{"self":[{"href":"https:\/\/www.andreas-edler.de\/blog\/wp-json\/wp\/v2\/posts\/5281","targetHints":{"allow":["GET"]}}],"collection":[{"href":"https:\/\/www.andreas-edler.de\/blog\/wp-json\/wp\/v2\/posts"}],"about":[{"href":"https:\/\/www.andreas-edler.de\/blog\/wp-json\/wp\/v2\/types\/post"}],"author":[{"embeddable":true,"href":"https:\/\/www.andreas-edler.de\/blog\/wp-json\/wp\/v2\/users\/1"}],"replies":[{"embeddable":true,"href":"https:\/\/www.andreas-edler.de\/blog\/wp-json\/wp\/v2\/comments?post=5281"}],"version-history":[{"count":0,"href":"https:\/\/www.andreas-edler.de\/blog\/wp-json\/wp\/v2\/posts\/5281\/revisions"}],"wp:attachment":[{"href":"https:\/\/www.andreas-edler.de\/blog\/wp-json\/wp\/v2\/media?parent=5281"}],"wp:term":[{"taxonomy":"category","embeddable":true,"href":"https:\/\/www.andreas-edler.de\/blog\/wp-json\/wp\/v2\/categories?post=5281"},{"taxonomy":"post_tag","embeddable":true,"href":"https:\/\/www.andreas-edler.de\/blog\/wp-json\/wp\/v2\/tags?post=5281"}],"curies":[{"name":"wp","href":"https:\/\/api.w.org\/{rel}","templated":true}]}}