{"id":5254,"date":"2006-10-30T21:33:00","date_gmt":"2006-10-30T20:33:00","guid":{"rendered":"http:\/\/www.andreas-edler.de\/blog\/2006\/10\/wintercheck\/"},"modified":"2006-10-30T21:33:00","modified_gmt":"2006-10-30T20:33:00","slug":"wintercheck","status":"publish","type":"post","link":"https:\/\/www.andreas-edler.de\/blog\/2006\/10\/wintercheck\/","title":{"rendered":"Wintercheck"},"content":{"rendered":"<p>Mein <a href=\"http:\/\/www.andreas-edler.de\/2006\/01\/objekt-der-begierde-scott-sub-30.html\">Sub30<\/a> hat nun locker \u00fcber 2000 Km auf dem Buckel und die Kette war definitiv gar. Habe ich dann getauscht und festgestellt, dass ohne Kassettenwechsel doch nichts geht. Die neue Kette sprang bei heftigen Antritten immer \u00fcber.<\/p>\n<div class=\"bild\"><img decoding=\"async\" src=\"http:\/\/www.andreas-edler.de\/grafik\/blog\/20061030_wintercheck.gif\"><\/div>\n<p>Mangels Kranzabzieher also mit dem Rad zum H\u00e4ndler. Kaufen kann man da sehr gut, aber in der Werkstatt habe ich immer das Gef\u00fchl, die halten mich f\u00fcr einen Idioten. Und bei dem was ich da eben gezahlt habe, glaube ich das auch. Ich werde mir wohl mal ein Werkzeug zur Demontage des Zahnkranzes besorgen. Zum einen gibt&#8217;s die Hardware bei ebay (oder irgendwo) g\u00fcnstiger und zum Anderen kann es ja nun wirklich kein Akt sein, da ein paar Zahnr\u00e4der abzubauen. Alles andere kann ich ja auch!<\/p>\n<p>Also &#8217;ne Runde \u00e4rgern. Au\u00dferdem hatte ich nichts davon gesagt, dass die Bremskl\u00f6tze f\u00fcr 16(!) Euro gewechselt werden sollten. Die waren zwar nicht mehr prickelnd, aber eigentlich wollte ich die gegen so schicke austauschen, bei denen man nur noch die Gummis wechselt. Also wieder ein Jahr warten.<\/p>\n<p>Als ich heute zuf\u00e4llig mit dem Damenrad der Frau in der Stadt war ;-) habe ich beim Radladen vorbei geschaut und die Reperatur war schon ausgef\u00fchrt (Kunsts\u00fcck, ist ja auch schon seit Donnerstag dort). Warum ruft man mich dann nicht an? Das war eigentlich vereinbart. Naja, hatte ich pl\u00f6tzlich eben zwei R\u00e4der dabei. Damit nach Hause geschoben &#8211; das dauerte nur 20 Minuten &#8211; und habe die Klamotten gewechselt. Musste ja &#8217;ne Probefahrt machen.<\/p>\n<p>Und was soll ich sagen: wie am ersten Tag! Geht ab wie Schmitz&#8216; Katze. Bin nur kurz nach L\u00f6hne und zur\u00fcck, aber das hat wieder Spa\u00df gemacht.<\/p>\n<p>19,58 Km\/h | 28,2 Km\/h Schnitt | 44,2 Km\/h Max. | 13,2 \u00b0C | 556 Kalorien<\/p>\n","protected":false},"excerpt":{"rendered":"<p>Mein Sub30 hat nun locker \u00fcber 2000 Km auf dem Buckel und die Kette war definitiv gar. Habe ich dann getauscht und festgestellt, dass ohne Kassettenwechsel doch nichts geht. Die neue Kette sprang bei heftigen Antritten immer \u00fcber. Mangels Kranzabzieher &hellip;<\/p>\n<p class=\"read-more\"> <a class=\"more-link\" href=\"https:\/\/www.andreas-edler.de\/blog\/2006\/10\/wintercheck\/\"> <span class=\"screen-reader-text\">Wintercheck<\/span> Weiterlesen &raquo;<\/a><\/p>\n","protected":false},"author":1,"featured_media":0,"comment_status":"open","ping_status":"open","sticky":false,"template":"","format":"standard","meta":{"ngg_post_thumbnail":0,"activitypub_content_warning":"","activitypub_content_visibility":"","activitypub_max_image_attachments":2,"activitypub_interaction_policy_quote":"anyone","activitypub_status":"","footnotes":""},"categories":[15],"tags":[],"class_list":["post-5254","post","type-post","status-publish","format-standard","hentry","category-fahrrad"],"share_on_mastodon":{"url":"","error":""},"_links":{"self":[{"href":"https:\/\/www.andreas-edler.de\/blog\/wp-json\/wp\/v2\/posts\/5254","targetHints":{"allow":["GET"]}}],"collection":[{"href":"https:\/\/www.andreas-edler.de\/blog\/wp-json\/wp\/v2\/posts"}],"about":[{"href":"https:\/\/www.andreas-edler.de\/blog\/wp-json\/wp\/v2\/types\/post"}],"author":[{"embeddable":true,"href":"https:\/\/www.andreas-edler.de\/blog\/wp-json\/wp\/v2\/users\/1"}],"replies":[{"embeddable":true,"href":"https:\/\/www.andreas-edler.de\/blog\/wp-json\/wp\/v2\/comments?post=5254"}],"version-history":[{"count":0,"href":"https:\/\/www.andreas-edler.de\/blog\/wp-json\/wp\/v2\/posts\/5254\/revisions"}],"wp:attachment":[{"href":"https:\/\/www.andreas-edler.de\/blog\/wp-json\/wp\/v2\/media?parent=5254"}],"wp:term":[{"taxonomy":"category","embeddable":true,"href":"https:\/\/www.andreas-edler.de\/blog\/wp-json\/wp\/v2\/categories?post=5254"},{"taxonomy":"post_tag","embeddable":true,"href":"https:\/\/www.andreas-edler.de\/blog\/wp-json\/wp\/v2\/tags?post=5254"}],"curies":[{"name":"wp","href":"https:\/\/api.w.org\/{rel}","templated":true}]}}