{"id":5232,"date":"2006-10-20T18:37:00","date_gmt":"2006-10-20T17:37:00","guid":{"rendered":"http:\/\/www.andreas-edler.de\/blog\/2006\/10\/glasscherben\/"},"modified":"2006-10-20T18:37:00","modified_gmt":"2006-10-20T17:37:00","slug":"glasscherben","status":"publish","type":"post","link":"https:\/\/www.andreas-edler.de\/blog\/2006\/10\/glasscherben\/","title":{"rendered":"Glasscherben"},"content":{"rendered":"<div class=\"bild\"><img decoding=\"async\" src=\"http:\/\/www.andreas-edler.de\/grafik\/blog\/20061020_flickzeug.jpg\"><\/div>\n<p>Scherben sind seit heute ein weiterer Grund, warum ich nicht mehr auf Radwegen unterwegs sein werde. Wollte zu meiner Abendrunde los, fahre vorschriftsm\u00e4\u00dfig dort, wo mich die blauen Schilder hinzwingen und &#8230; pffffft &#8230; Scherbe in der Raddecke. So gro\u00df, dass ich sie sehen konnte und die Luft h\u00f6rbar entwich. Als ich den Splitter nur ber\u00fchrte, scho\u00df er sofort weg. GRMBL!<\/p>\n<p>Gl\u00fccklicherweise war ich erst 2 Kilometer weit gefahren. Also zur\u00fcck geschoben und getragen. Im Keller dann die Maxxis-Decke von den Rigida-Felgen gerupft. Kerl, beim Mountainbike geht das einfacher! Das Loch war schnell gefunden und die Decke noch in Ordnung. Drauf ging&#8217;s noch schwieriger. 40 Minuten nachdem ich mir die Scherbe eingefahren hatte, sa\u00df ich schon wieder im Sattel.<\/p>\n<p>Bin dann aber nicht wie geplant nach B\u00fcnde, sondern nur bis L\u00f6hne und von dort \u00fcber den alten Salzweg nach Wulferdingsen hoch. Es ist Ende Oktober und drau\u00dfen war es noch richtig warm. So um die 16\u00b0C um 19 Uhr. Unglaublich.<\/p>\n<p>20,4 Kilometer | 23,6 Km\/h Schnitt | 52 Km\/h max. | 622 Kalorien | 16\u00b0C <span class=\"xsmall\">(Schnitt nat\u00fcrlich inkl. 2 Km Fahrrad schieben &#8230;)<\/span><\/p>\n","protected":false},"excerpt":{"rendered":"<p>Scherben sind seit heute ein weiterer Grund, warum ich nicht mehr auf Radwegen unterwegs sein werde. Wollte zu meiner Abendrunde los, fahre vorschriftsm\u00e4\u00dfig dort, wo mich die blauen Schilder hinzwingen und &#8230; pffffft &#8230; Scherbe in der Raddecke. So gro\u00df, &hellip;<\/p>\n<p class=\"read-more\"> <a class=\"more-link\" href=\"https:\/\/www.andreas-edler.de\/blog\/2006\/10\/glasscherben\/\"> <span class=\"screen-reader-text\">Glasscherben<\/span> Weiterlesen &raquo;<\/a><\/p>\n","protected":false},"author":1,"featured_media":0,"comment_status":"open","ping_status":"open","sticky":false,"template":"","format":"standard","meta":{"ngg_post_thumbnail":0,"activitypub_content_warning":"","activitypub_content_visibility":"","activitypub_max_image_attachments":2,"activitypub_interaction_policy_quote":"anyone","activitypub_status":"","footnotes":""},"categories":[1],"tags":[],"class_list":["post-5232","post","type-post","status-publish","format-standard","hentry","category-allgemein"],"share_on_mastodon":{"url":"","error":""},"_links":{"self":[{"href":"https:\/\/www.andreas-edler.de\/blog\/wp-json\/wp\/v2\/posts\/5232","targetHints":{"allow":["GET"]}}],"collection":[{"href":"https:\/\/www.andreas-edler.de\/blog\/wp-json\/wp\/v2\/posts"}],"about":[{"href":"https:\/\/www.andreas-edler.de\/blog\/wp-json\/wp\/v2\/types\/post"}],"author":[{"embeddable":true,"href":"https:\/\/www.andreas-edler.de\/blog\/wp-json\/wp\/v2\/users\/1"}],"replies":[{"embeddable":true,"href":"https:\/\/www.andreas-edler.de\/blog\/wp-json\/wp\/v2\/comments?post=5232"}],"version-history":[{"count":0,"href":"https:\/\/www.andreas-edler.de\/blog\/wp-json\/wp\/v2\/posts\/5232\/revisions"}],"wp:attachment":[{"href":"https:\/\/www.andreas-edler.de\/blog\/wp-json\/wp\/v2\/media?parent=5232"}],"wp:term":[{"taxonomy":"category","embeddable":true,"href":"https:\/\/www.andreas-edler.de\/blog\/wp-json\/wp\/v2\/categories?post=5232"},{"taxonomy":"post_tag","embeddable":true,"href":"https:\/\/www.andreas-edler.de\/blog\/wp-json\/wp\/v2\/tags?post=5232"}],"curies":[{"name":"wp","href":"https:\/\/api.w.org\/{rel}","templated":true}]}}