{"id":5229,"date":"2006-10-19T17:26:00","date_gmt":"2006-10-19T16:26:00","guid":{"rendered":"http:\/\/www.andreas-edler.de\/blog\/2006\/10\/der-klassiker-lebensgefahrliche-radwege\/"},"modified":"2006-10-19T17:26:00","modified_gmt":"2006-10-19T16:26:00","slug":"der-klassiker-lebensgefahrliche-radwege","status":"publish","type":"post","link":"https:\/\/www.andreas-edler.de\/blog\/2006\/10\/der-klassiker-lebensgefahrliche-radwege\/","title":{"rendered":"Der Klassiker: lebensgef\u00e4hrliche Radwege"},"content":{"rendered":"<p>Wann versteht es endlich jeder? Radwege sind gef\u00e4hrlich bis t\u00f6dlich! Nicht benutzen, nicht benutzen, nicht benutzen! W\u00e4re die junge Dame dort gefahren, wo sie hingeh\u00f6rt &#8211; n\u00e4mlich auf der Fahrbahn &#8211; g\u00e4be es einen LKW-Fahrer der sich ein bi\u00dfchen ge\u00e4rgert hat mehr und eine junge Frau im Krankenhaus weniger!<\/p>\n<div class=\"postzitat\"><b><a href=\"http:\/\/www.presseportal.de\/polizeipresse\/p_story_rss.htx?nr=888625\">19.10.2006 &#8211; 10:41 Uhr, Polizei Minden-L\u00fcbbecke<\/a><\/b> &#8230; Zeitgleich wollte die auf dem Radweg fahrende Radfahrerin weiter geradeaus fahren. Beim Abbiegevorgang geriet die Radfahrerin unter den Auflieger des Sattelzuges &#8230;<\/div>\n<p>Auf dem Radweg ist man aus dem Sinn der anderen Verkehrsteilnehmer und wird einfach umgem\u00e4ht. <a href=\"http:\/\/www.andreas-edler.de\/2006\/10\/fahrschulen.php\">Lastwagenfahrer fallen mir dabei immer besonders negativ auf.<\/a> Zu allem \u00dcberfluss ist es bei denen auch noch am gef\u00e4hrlichsten.<\/p>\n<p>Liebe Verkehrsplaner, baut endlich die Radwege zur\u00fcck und sorgt daf\u00fcr, dass die Stra\u00dfen vern\u00fcnftig in Ordnung sind. Und am allerwichtigsten: sorgt daf\u00fcr, dass sich die motorisierten Verkehrsteilnehmer an die Verkehrsregeln halten. <b>*DAS*<\/b> ist das Problem &#8230; nicht die Radfahrer.<\/p>\n","protected":false},"excerpt":{"rendered":"<p>Wann versteht es endlich jeder? Radwege sind gef\u00e4hrlich bis t\u00f6dlich! Nicht benutzen, nicht benutzen, nicht benutzen! W\u00e4re die junge Dame dort gefahren, wo sie hingeh\u00f6rt &#8211; n\u00e4mlich auf der Fahrbahn &#8211; g\u00e4be es einen LKW-Fahrer der sich ein bi\u00dfchen ge\u00e4rgert &hellip;<\/p>\n<p class=\"read-more\"> <a class=\"more-link\" href=\"https:\/\/www.andreas-edler.de\/blog\/2006\/10\/der-klassiker-lebensgefahrliche-radwege\/\"> <span class=\"screen-reader-text\">Der Klassiker: lebensgef\u00e4hrliche Radwege<\/span> Weiterlesen &raquo;<\/a><\/p>\n","protected":false},"author":1,"featured_media":0,"comment_status":"open","ping_status":"open","sticky":false,"template":"","format":"standard","meta":{"ngg_post_thumbnail":0,"activitypub_content_warning":"","activitypub_content_visibility":"","activitypub_max_image_attachments":2,"activitypub_interaction_policy_quote":"anyone","activitypub_status":"","footnotes":""},"categories":[15],"tags":[],"class_list":["post-5229","post","type-post","status-publish","format-standard","hentry","category-fahrrad"],"share_on_mastodon":{"url":"","error":""},"_links":{"self":[{"href":"https:\/\/www.andreas-edler.de\/blog\/wp-json\/wp\/v2\/posts\/5229","targetHints":{"allow":["GET"]}}],"collection":[{"href":"https:\/\/www.andreas-edler.de\/blog\/wp-json\/wp\/v2\/posts"}],"about":[{"href":"https:\/\/www.andreas-edler.de\/blog\/wp-json\/wp\/v2\/types\/post"}],"author":[{"embeddable":true,"href":"https:\/\/www.andreas-edler.de\/blog\/wp-json\/wp\/v2\/users\/1"}],"replies":[{"embeddable":true,"href":"https:\/\/www.andreas-edler.de\/blog\/wp-json\/wp\/v2\/comments?post=5229"}],"version-history":[{"count":0,"href":"https:\/\/www.andreas-edler.de\/blog\/wp-json\/wp\/v2\/posts\/5229\/revisions"}],"wp:attachment":[{"href":"https:\/\/www.andreas-edler.de\/blog\/wp-json\/wp\/v2\/media?parent=5229"}],"wp:term":[{"taxonomy":"category","embeddable":true,"href":"https:\/\/www.andreas-edler.de\/blog\/wp-json\/wp\/v2\/categories?post=5229"},{"taxonomy":"post_tag","embeddable":true,"href":"https:\/\/www.andreas-edler.de\/blog\/wp-json\/wp\/v2\/tags?post=5229"}],"curies":[{"name":"wp","href":"https:\/\/api.w.org\/{rel}","templated":true}]}}