{"id":5203,"date":"2006-10-04T20:12:00","date_gmt":"2006-10-04T19:12:00","guid":{"rendered":"http:\/\/www.andreas-edler.de\/blog\/2006\/10\/lutte-runde\/"},"modified":"2006-10-04T20:12:00","modified_gmt":"2006-10-04T19:12:00","slug":"lutte-runde","status":"publish","type":"post","link":"https:\/\/www.andreas-edler.de\/blog\/2006\/10\/lutte-runde\/","title":{"rendered":"L\u00fctte Runde"},"content":{"rendered":"<div class=\"bild\"><img decoding=\"async\" src=\"http:\/\/www.andreas-edler.de\/grafik\/blog\/20061004_werrewehr.jpg\"><\/div>\n<p>&#8217;s sah nach Regen aus, aber ich wollte unbedingt noch raus. Das Thermometer zeigte ertr\u00e4gliche 14\u00b0C, ich habe mich seit Monaten das erste Mal f\u00fcr eine lange Hose entschieden. Und das war gut so. Ganz sch\u00f6n frisch an den Beinen. Bin die kleine Runde bis zur Porta und zur\u00fcck gebummelt.<\/p>\n<p>Danach noch zum Werrewehr, weil ich gucken wollte, wie das frisch geflutet aussieht. Besser in jedem Fall! Und der B\u00fcrgermeister hat sich in der NW nun auch Pro-Wehr ge\u00e4\u00fc\u00dfert &#8211; allerdings mit der nicht unwesentlichen Einschr\u00e4nkung, erstmal die Kosten abwarten zu wollen. Wobei da letztlich f\u00fcr einen Erhalt des Wehrs auch eher Kleckerbetr\u00e4ge im Raum standen und der Rest vom Land gesponsort wird &#8211; angeblich. Das, was da f\u00fcr eine Renaturisierung im Raum stand, war x-fach teurer. Abwarten.<\/p>\n<p>Lustig war unterwegs noch der kleine Flieger, der sich wohl ein wenig mit der Landebahn vertan hat. Da wo er gerade aufgelesen wurde, war jedenfalls keine ;-)<\/p>\n<p align=\"center\"><img decoding=\"async\" src=\"http:\/\/www.andreas-edler.de\/grafik\/blog\/20061004_fehlflug.jpg\"><\/p>\n<p>29,2 Km | 28,6 Km\/h Schnitt | 852 Kalorien<\/p>\n","protected":false},"excerpt":{"rendered":"<p>&#8217;s sah nach Regen aus, aber ich wollte unbedingt noch raus. Das Thermometer zeigte ertr\u00e4gliche 14\u00b0C, ich habe mich seit Monaten das erste Mal f\u00fcr eine lange Hose entschieden. Und das war gut so. Ganz sch\u00f6n frisch an den Beinen. &hellip;<\/p>\n<p class=\"read-more\"> <a class=\"more-link\" href=\"https:\/\/www.andreas-edler.de\/blog\/2006\/10\/lutte-runde\/\"> <span class=\"screen-reader-text\">L\u00fctte Runde<\/span> Weiterlesen &raquo;<\/a><\/p>\n","protected":false},"author":1,"featured_media":0,"comment_status":"open","ping_status":"open","sticky":false,"template":"","format":"standard","meta":{"ngg_post_thumbnail":0,"activitypub_content_warning":"","activitypub_content_visibility":"","activitypub_max_image_attachments":2,"activitypub_interaction_policy_quote":"anyone","activitypub_status":"","footnotes":""},"categories":[15],"tags":[],"class_list":["post-5203","post","type-post","status-publish","format-standard","hentry","category-fahrrad"],"share_on_mastodon":{"url":"","error":""},"_links":{"self":[{"href":"https:\/\/www.andreas-edler.de\/blog\/wp-json\/wp\/v2\/posts\/5203","targetHints":{"allow":["GET"]}}],"collection":[{"href":"https:\/\/www.andreas-edler.de\/blog\/wp-json\/wp\/v2\/posts"}],"about":[{"href":"https:\/\/www.andreas-edler.de\/blog\/wp-json\/wp\/v2\/types\/post"}],"author":[{"embeddable":true,"href":"https:\/\/www.andreas-edler.de\/blog\/wp-json\/wp\/v2\/users\/1"}],"replies":[{"embeddable":true,"href":"https:\/\/www.andreas-edler.de\/blog\/wp-json\/wp\/v2\/comments?post=5203"}],"version-history":[{"count":0,"href":"https:\/\/www.andreas-edler.de\/blog\/wp-json\/wp\/v2\/posts\/5203\/revisions"}],"wp:attachment":[{"href":"https:\/\/www.andreas-edler.de\/blog\/wp-json\/wp\/v2\/media?parent=5203"}],"wp:term":[{"taxonomy":"category","embeddable":true,"href":"https:\/\/www.andreas-edler.de\/blog\/wp-json\/wp\/v2\/categories?post=5203"},{"taxonomy":"post_tag","embeddable":true,"href":"https:\/\/www.andreas-edler.de\/blog\/wp-json\/wp\/v2\/tags?post=5203"}],"curies":[{"name":"wp","href":"https:\/\/api.w.org\/{rel}","templated":true}]}}