{"id":5180,"date":"2006-09-21T17:47:00","date_gmt":"2006-09-21T16:47:00","guid":{"rendered":"http:\/\/www.andreas-edler.de\/blog\/2006\/09\/10-000-euro-strafe\/"},"modified":"2006-09-21T17:47:00","modified_gmt":"2006-09-21T16:47:00","slug":"10-000-euro-strafe","status":"publish","type":"post","link":"https:\/\/www.andreas-edler.de\/blog\/2006\/09\/10-000-euro-strafe\/","title":{"rendered":"10.000 Euro Strafe"},"content":{"rendered":"<p>Passt auf ihr Leute, die ihr Texte und Bilder ins Netz stellt! Ihr m\u00fcsst eure Seiten archivieren lassen &#8211; per Gesetz vorgeschrieben. Und falls ihr dem nicht nachkommt und eure P\u00e4ckchen vergesst bei der <a href=\"http:\/\/www.ddb.de\/\">Deutschen Nationalbibliothek<\/a> einzuwerfen, dann kommt&#8217;s dicke. Bis zu 10.000 Euro in das S\u00e4ckel &#8211; von wem eigentlich?<\/p>\n<div class=\"postzitat\"><a href=\"http:\/\/www.tecchannel.de\/index.cfm?pid=429&#038;pk=448212\">der Tecchannel schreibt:<\/a> Schwere Zeiten f\u00fcr Online-Magazine, Firmen und Betreiber privater Webseiten. Die Neufassung des Gesetzes \u00fcber die Deutsche Nationalbibliothek sieht vor, dass digitale Inhalte zur Archivierung bei der Nationalbibliothek einzuliefern sind, sonst drohen Strafen bis zu 10.000 Euro.<\/div>\n<p>Und selbst auf Nachfrage scheint man bei der Nationalbibliothek diese Vorgehensweise auch f\u00fcr Privatleute, Blogger etc. so zu sehen.<\/p>\n<p><b>Meine Fresse!<\/b> Ich wusste bis ich <a href=\"http:\/\/dirk.one1.de\/2006\/09\/21\/deutsche-nationalbibliothek\/\">beim womke den Namen gelesen<\/a> habe, nicht mal dass es dieses Institut gibt. Wer verabschiedet solche Gesetze? Sind das nicht &#8222;unsere Politiker&#8220;? Ist es ganz vermessen sich zu fragen, ob da jemand keinen Funken Verstand hatte, als er verga\u00df meine popelige Seite von dieser Verpflichtung auszuschlie\u00dfen? Ist mein aufgeschnittenes Bein und Tims Trekkersammlung wirklich archivierenswertes Kulturgut? Und wenn ja, wer legt das fest?<\/p>\n<div class=\"postzitat\">&#8230; \u00e4u\u00dferte sich Stephan Jockel von der Deutschen Nationalbibliothek wie folgt: \u201eNicht nur Online-Medien sind Ver\u00f6ffentlichungen. Auch eine private Homepage ist eine Publikation, ob mit Passwort gesch\u00fctzt oder nicht. Sie geh\u00f6rt genauso wie Weblogs und Foren zum kulturellen und geistigen Schaffen unserer Gesellschaft. Eine Pflichtablieferungsverordnung wird den Sammelauftrag noch einmal konkretisieren.\u201d<\/div>\n<p>Naja, es wird also nochmal konkretisiert. Sch\u00f6n &#8211; da bin ich mal gespannt. Sonst richte ich schon mal einen Task ein, der meine Festplatte in ein ZIP packt und viertelj\u00e4hrlich 20 Gig zur Nationalbibliothek schiebt &#8230;<\/p>\n<p>Herr lass Hirn &#8230;<\/p>\n","protected":false},"excerpt":{"rendered":"<p>Passt auf ihr Leute, die ihr Texte und Bilder ins Netz stellt! Ihr m\u00fcsst eure Seiten archivieren lassen &#8211; per Gesetz vorgeschrieben. Und falls ihr dem nicht nachkommt und eure P\u00e4ckchen vergesst bei der Deutschen Nationalbibliothek einzuwerfen, dann kommt&#8217;s dicke. &hellip;<\/p>\n<p class=\"read-more\"> <a class=\"more-link\" href=\"https:\/\/www.andreas-edler.de\/blog\/2006\/09\/10-000-euro-strafe\/\"> <span class=\"screen-reader-text\">10.000 Euro Strafe<\/span> Weiterlesen &raquo;<\/a><\/p>\n","protected":false},"author":1,"featured_media":0,"comment_status":"open","ping_status":"open","sticky":false,"template":"","format":"standard","meta":{"ngg_post_thumbnail":0,"activitypub_content_warning":"","activitypub_content_visibility":"","activitypub_max_image_attachments":2,"activitypub_interaction_policy_quote":"anyone","activitypub_status":"","footnotes":""},"categories":[18],"tags":[],"class_list":["post-5180","post","type-post","status-publish","format-standard","hentry","category-fraglich"],"share_on_mastodon":{"url":"","error":""},"_links":{"self":[{"href":"https:\/\/www.andreas-edler.de\/blog\/wp-json\/wp\/v2\/posts\/5180","targetHints":{"allow":["GET"]}}],"collection":[{"href":"https:\/\/www.andreas-edler.de\/blog\/wp-json\/wp\/v2\/posts"}],"about":[{"href":"https:\/\/www.andreas-edler.de\/blog\/wp-json\/wp\/v2\/types\/post"}],"author":[{"embeddable":true,"href":"https:\/\/www.andreas-edler.de\/blog\/wp-json\/wp\/v2\/users\/1"}],"replies":[{"embeddable":true,"href":"https:\/\/www.andreas-edler.de\/blog\/wp-json\/wp\/v2\/comments?post=5180"}],"version-history":[{"count":0,"href":"https:\/\/www.andreas-edler.de\/blog\/wp-json\/wp\/v2\/posts\/5180\/revisions"}],"wp:attachment":[{"href":"https:\/\/www.andreas-edler.de\/blog\/wp-json\/wp\/v2\/media?parent=5180"}],"wp:term":[{"taxonomy":"category","embeddable":true,"href":"https:\/\/www.andreas-edler.de\/blog\/wp-json\/wp\/v2\/categories?post=5180"},{"taxonomy":"post_tag","embeddable":true,"href":"https:\/\/www.andreas-edler.de\/blog\/wp-json\/wp\/v2\/tags?post=5180"}],"curies":[{"name":"wp","href":"https:\/\/api.w.org\/{rel}","templated":true}]}}