{"id":5154,"date":"2006-09-03T15:54:00","date_gmt":"2006-09-03T14:54:00","guid":{"rendered":"http:\/\/www.andreas-edler.de\/blog\/2006\/09\/culture-by-tabac\/"},"modified":"2006-09-03T15:54:00","modified_gmt":"2006-09-03T14:54:00","slug":"culture-by-tabac","status":"publish","type":"post","link":"https:\/\/www.andreas-edler.de\/blog\/2006\/09\/culture-by-tabac\/","title":{"rendered":"Culture by Tabac"},"content":{"rendered":"<p>Mail an <a href=\"http:\/\/www.m-w.de\/\">M\u00e4urer + Wirtz GmbH &#038; Co. KG<\/a> vom 03.09.2006:<\/p>\n<div class=\"postzitat\">Sehr geehrte Damen und Herren,<\/p>\n<div class=\"bild\"><img decoding=\"async\" src=\"http:\/\/www.andreas-edler.de\/grafik\/blog\/20060903_culture.jpg\"><\/div>\n<p>ich habe lange Zeit gerne Ihren Duft &#8222;<a href=\"http:\/\/www.culture-by-tabac.de\/\">Culture<\/a>&#8220; als Deodorant benutzt. Diesen gab es in einem sehr sch\u00f6nen, gut in der Hand liegenden und umweltfreundlichen &#8222;Natural Spray&#8220; Glasfl\u00e4schchen. Irgendwann haben Sie dann die Produktlinie ge\u00e4ndert und das &#8222;Natural Spray Deodorant&#8220; aus dem Programm genommen, um es durch ein profanes Blechd\u00f6schen mit Treibmittel zu ersetzen. Wie schrecklich. Nicht nur, dass es sich nicht gut anf\u00fchlt, es sieht auch noch billig aus.<\/p>\n<p>Ich konnte und kann diesen Schritt nicht nachvollziehen und bin zu einem anderen Anbieter gewechselt. In der letzten Woche habe ich dann aus Neugier doch einmal das Deodorant Spray im neuen Beh\u00e4ltnis gekauft und &#8230; bin ma\u00dflos entt\u00e4uscht. Es f\u00fchlt sich anders an, es riecht anders und es macht einfach keinen Spa\u00df, das Deo zu benutzen. Es ist ein ganz anderes Gef\u00fchl, den Zerst\u00e4uber des Natural Spray zu bet\u00e4tigen im Vergleich zum billigen Druck auf die Sprayflasche.<\/p>\n<p>Warum wurde diese einzelne Verpackung ge\u00e4ndert, wo doch im eigenen Konzern durchaus der Zerst\u00e4uber weiterhin f\u00fcr Deodorants eingesetzt wird. Die &#8222;<a href=\"http:\/\/www.tabac-man.de\/\">Tabac Man<\/a>&#8220; Reihe wird weiterhin mit dem Natural Spray Deo vertrieben &#8211; riecht aber nicht so gut.<\/p>\n<p>Bitte bringen Sie den Natural Spray Zerst\u00e4uber wieder f\u00fcr die &#8222;Culture&#8220; Reihe auf den Markt. Sie w\u00fcrden mindestens einen Kunden zur\u00fcck erobern.<\/p>\n<p>Mit freundlichen Gr\u00fc\u00dfen<\/p>\n<p>Andreas Edler<\/p><\/div>\n<p>Ja, es regnet und ich hatte f\u00fcr einen Moment Langeweile ;-) Das \u00e4ndert aber nichts am Inhalt der Mail &#8211; ich war nur immer zu faul, mal was zu sagen.<\/p>\n","protected":false},"excerpt":{"rendered":"<p>Mail an M\u00e4urer + Wirtz GmbH &#038; Co. KG vom 03.09.2006: Sehr geehrte Damen und Herren, ich habe lange Zeit gerne Ihren Duft &#8222;Culture&#8220; als Deodorant benutzt. Diesen gab es in einem sehr sch\u00f6nen, gut in der Hand liegenden und &hellip;<\/p>\n<p class=\"read-more\"> <a class=\"more-link\" href=\"https:\/\/www.andreas-edler.de\/blog\/2006\/09\/culture-by-tabac\/\"> <span class=\"screen-reader-text\">Culture by Tabac<\/span> Weiterlesen &raquo;<\/a><\/p>\n","protected":false},"author":1,"featured_media":0,"comment_status":"open","ping_status":"open","sticky":false,"template":"","format":"standard","meta":{"ngg_post_thumbnail":0,"activitypub_content_warning":"","activitypub_content_visibility":"","activitypub_max_image_attachments":2,"activitypub_interaction_policy_quote":"anyone","activitypub_status":"","footnotes":""},"categories":[1],"tags":[],"class_list":["post-5154","post","type-post","status-publish","format-standard","hentry","category-allgemein"],"share_on_mastodon":{"url":"","error":""},"_links":{"self":[{"href":"https:\/\/www.andreas-edler.de\/blog\/wp-json\/wp\/v2\/posts\/5154","targetHints":{"allow":["GET"]}}],"collection":[{"href":"https:\/\/www.andreas-edler.de\/blog\/wp-json\/wp\/v2\/posts"}],"about":[{"href":"https:\/\/www.andreas-edler.de\/blog\/wp-json\/wp\/v2\/types\/post"}],"author":[{"embeddable":true,"href":"https:\/\/www.andreas-edler.de\/blog\/wp-json\/wp\/v2\/users\/1"}],"replies":[{"embeddable":true,"href":"https:\/\/www.andreas-edler.de\/blog\/wp-json\/wp\/v2\/comments?post=5154"}],"version-history":[{"count":0,"href":"https:\/\/www.andreas-edler.de\/blog\/wp-json\/wp\/v2\/posts\/5154\/revisions"}],"wp:attachment":[{"href":"https:\/\/www.andreas-edler.de\/blog\/wp-json\/wp\/v2\/media?parent=5154"}],"wp:term":[{"taxonomy":"category","embeddable":true,"href":"https:\/\/www.andreas-edler.de\/blog\/wp-json\/wp\/v2\/categories?post=5154"},{"taxonomy":"post_tag","embeddable":true,"href":"https:\/\/www.andreas-edler.de\/blog\/wp-json\/wp\/v2\/tags?post=5154"}],"curies":[{"name":"wp","href":"https:\/\/api.w.org\/{rel}","templated":true}]}}