{"id":5141,"date":"2006-08-27T12:24:00","date_gmt":"2006-08-27T11:24:00","guid":{"rendered":"http:\/\/www.andreas-edler.de\/blog\/2006\/08\/zum-rutli\/"},"modified":"2006-08-27T12:24:00","modified_gmt":"2006-08-27T11:24:00","slug":"zum-rutli","status":"publish","type":"post","link":"https:\/\/www.andreas-edler.de\/blog\/2006\/08\/zum-rutli\/","title":{"rendered":"Zum R\u00fctli"},"content":{"rendered":"<div class=\"bild\"><img decoding=\"async\" src=\"http:\/\/www.andreas-edler.de\/grafik\/blog\/20060827_ruetli.jpg\"><\/div>\n<p>Bevor die zweite Rutsche Familientreffen hier anr\u00fcckt, wollte ich noch mal raus. Wird ja wohl sonst f\u00fcr den Rest des Tages nichts werden mit radfahren und trocken und warm war&#8217;s auch. Also in die (diesmal kurze) FMGH (<a href=\"http:\/\/www.andreas-edler.de\/2006\/02\/nebel-schnee-und-frische-luft.html\">von der es immer noch keine Fotos gibt ;-)<\/a>) gezw\u00e4ngt und los. Ich mu\u00dfte f\u00fcr die Werster-Runde eh noch auskundschaften, was es im R\u00fctli zu essen gibt. Wir suchen n\u00e4mlich noch eine weitere Gastronomit\u00e4t f\u00fcr unser drittelj\u00e4hrliches Essen gehen.<\/p>\n<p>Das &#8222;<a href=\"http:\/\/www.zum-ruetli.de\/\">Zum R\u00fctli<\/a>&#8220; liegt ganz oben auf der Eben\u00f6de, da wo&#8217;s nicht weiter geht und hie\u00df vorher &#8222;Kobold&#8220; und davor &#8222;Bergsch\u00e4nke&#8220;. Da ich zur <a href=\"http:\/\/www.vlotho-online.de\/geschichte\/burgvlotho.htm\">Burg<\/a> <a href=\"http:\/\/www.meine-ritterburg.de\/mittelalterpfad-bielefeld\/hauptseite\/burgen\/ravensberg\/burgen\/vlotho.htm\">Vlotho<\/a> hoch wollte, bot es sich an, gleich die zweite H\u00e4lfte des Berges ebenfalls zu erklimmen und bis ganz oben zu fahren. Und ich bin zur Burg hoch nicht unter 10 km\/h gegangen &#8211; schwitz!<\/p>\n<p>Das &#8222;<a href=\"http:\/\/www.zum-ruetli.de\/\">R\u00fctli<\/a>&#8220; war sogar ge\u00f6ffnet, aber eine Karte konnte man mir nicht zur Ansicht mit geben. Die gab&#8217;s nur in gro\u00df und mit festem Einband. Aber einen Visitenkarte mit der Internetadresse gab es &#8211; weil Google <a href=\"http:\/\/www.zum-ruetli.de\/\">die Seite<\/a> wohl nicht findet. Um das zu \u00e4ndern an dieser Stelle ein paar Links z.B. zur <a href=\"http:\/\/www.zum-ruetli.de\/essen.htm\">Speisekarte<\/a>. Mir war auch sofort klar, warum Google so ungn\u00e4dig zum &#8222;<a href=\"http:\/\/www.zum-ruetli.de\/\">R\u00fctli<\/a>&#8220; ist: die Seite verwendet Frames wo es nicht n\u00f6tig ist. Und ich wurde mit einem ohrenbet\u00e4ubenden L\u00e4rm begr\u00fc\u00dft, nachdem sich das Bild aufgebaut hatte. Leute, Sound in Websites ist sowas von out!<\/p>\n<p>Das Essen scheint lecker zu sein, Schweizer K\u00fcche gibt es hier in der Gegend soviel ich wei\u00df nicht im \u00dcberflu\u00df. Und ich bin auch ganz froh, dass es da oben immer noch ein Restaurant gibt. In der Bergsch\u00e4nke haben sich damals meine Eltern kennen gelernt. Wer wei\u00df ob ich \u00fcberhaupt hier was schreiben w\u00fcrde, wenn es den Laden nicht gegeben h\u00e4tte ;-)<\/p>\n<div class=\"bild\"><img decoding=\"async\" src=\"http:\/\/www.andreas-edler.de\/grafik\/blog\/20060817_muel_am_werrepark.jpg\"><\/div>\n<p>An anderer Stelle der kleinen Tour &#8211; n\u00e4mlich an der Einfahrt zum Werrepark von der Dehmer Stra\u00dfe aus &#8211; fielen mir unangenehmere Zeugnisse deutscher Gastronomiebetriebe auf. Dort hatten wie \u00fcblich ein paar asoziale Subjekte die Verpackungen ihrer Fastfood-Schlemmereien direkt auf die Stra\u00dfe entsorgt. Sowas finde ich zum Kotzen, die sollte man beobachten, den M\u00fcll einsammeln und bei Mami und Pappi in den Vorgarten kippen. Naja, Vollidioten.<\/p>\n<p>Wie dem auch sei &#8230;<\/p>\n<p>20 Km | 23,4 Km\/h Schnitt | 75,5 Km\/h max. | 492 Kalorien | 19\u00b0C<\/p>\n","protected":false},"excerpt":{"rendered":"<p>Bevor die zweite Rutsche Familientreffen hier anr\u00fcckt, wollte ich noch mal raus. Wird ja wohl sonst f\u00fcr den Rest des Tages nichts werden mit radfahren und trocken und warm war&#8217;s auch. Also in die (diesmal kurze) FMGH (von der es &hellip;<\/p>\n<p class=\"read-more\"> <a class=\"more-link\" href=\"https:\/\/www.andreas-edler.de\/blog\/2006\/08\/zum-rutli\/\"> <span class=\"screen-reader-text\">Zum R\u00fctli<\/span> Weiterlesen &raquo;<\/a><\/p>\n","protected":false},"author":1,"featured_media":0,"comment_status":"open","ping_status":"open","sticky":false,"template":"","format":"standard","meta":{"ngg_post_thumbnail":0,"activitypub_content_warning":"","activitypub_content_visibility":"","activitypub_max_image_attachments":2,"activitypub_interaction_policy_quote":"anyone","activitypub_status":"","footnotes":""},"categories":[15],"tags":[],"class_list":["post-5141","post","type-post","status-publish","format-standard","hentry","category-fahrrad"],"share_on_mastodon":{"url":"","error":""},"_links":{"self":[{"href":"https:\/\/www.andreas-edler.de\/blog\/wp-json\/wp\/v2\/posts\/5141","targetHints":{"allow":["GET"]}}],"collection":[{"href":"https:\/\/www.andreas-edler.de\/blog\/wp-json\/wp\/v2\/posts"}],"about":[{"href":"https:\/\/www.andreas-edler.de\/blog\/wp-json\/wp\/v2\/types\/post"}],"author":[{"embeddable":true,"href":"https:\/\/www.andreas-edler.de\/blog\/wp-json\/wp\/v2\/users\/1"}],"replies":[{"embeddable":true,"href":"https:\/\/www.andreas-edler.de\/blog\/wp-json\/wp\/v2\/comments?post=5141"}],"version-history":[{"count":0,"href":"https:\/\/www.andreas-edler.de\/blog\/wp-json\/wp\/v2\/posts\/5141\/revisions"}],"wp:attachment":[{"href":"https:\/\/www.andreas-edler.de\/blog\/wp-json\/wp\/v2\/media?parent=5141"}],"wp:term":[{"taxonomy":"category","embeddable":true,"href":"https:\/\/www.andreas-edler.de\/blog\/wp-json\/wp\/v2\/categories?post=5141"},{"taxonomy":"post_tag","embeddable":true,"href":"https:\/\/www.andreas-edler.de\/blog\/wp-json\/wp\/v2\/tags?post=5141"}],"curies":[{"name":"wp","href":"https:\/\/api.w.org\/{rel}","templated":true}]}}