{"id":5134,"date":"2006-08-23T18:42:00","date_gmt":"2006-08-23T17:42:00","guid":{"rendered":"http:\/\/www.andreas-edler.de\/blog\/2006\/08\/werre-wehr-kosten\/"},"modified":"2013-11-01T15:04:50","modified_gmt":"2013-11-01T14:04:50","slug":"werre-wehr-kosten","status":"publish","type":"post","link":"https:\/\/www.andreas-edler.de\/blog\/2006\/08\/werre-wehr-kosten\/","title":{"rendered":"Werre-Wehr Kosten"},"content":{"rendered":"<p>Ich bin eben mal wieder an der Werre lang gefahren und habe <a href=\"http:\/\/www.andreas-edler.de\/2006\/08\/werre-wasserpegel-abgesenkt.html\">am Wehr<\/a> geschaut, wie sich alles nach ein paar Tagen darstellt. Nun, es ist keine Besserung zu verzeichnen. Immer noch trostlos, wie sich da in Werste die Werre pr\u00e4sentiert. Und das Echo welches man aus der Zeitung und Gespr\u00e4chen mitbekommt ist durch die Bank negativ. Ich wage zu behaupten, dass den abgesenkten Wasserpegel <b>niemand<\/b> gut findet. <\/p>\n<p align=\"center\"><img decoding=\"async\" src=\"http:\/\/www.andreas-edler.de\/grafik\/blog\/20060823_werre_2.jpg\"><\/p>\n<p> Am allerwenigsten die Kanuten, die sich durch eine dauerhafte Aufl\u00f6sung wohl um einen neuen Trainingsplatz f\u00fcr die Jugend und um ein neues Vereinsheim k\u00fcmmern m\u00fcssen. Auch diejenigen mit Grundst\u00fccken und kleinen Ferienh\u00e4usern sind in den Arsch gekniffen. Was soll man mit so einem Steg, der ein paar Meter \u00fcber dem Wasserpegel schwebt. <\/p>\n<p align=\"center\"><img decoding=\"async\" src=\"http:\/\/www.andreas-edler.de\/grafik\/blog\/20060823_werre_5.jpg\"><\/p>\n<p> Und allen Beteuerungen der Verantwortlichen zum Trotz glaube ich nicht, dass es sich nur um eine tempor\u00e4re Ma\u00dfnahme handelt. Angesichts der doch sehr massiven Provisorien zum Stauen des Kokturkanals, sieht es f\u00fcr mich so aus, als ob die dauerhafte Absenkung bereits beschlossene Sache ist. Man f\u00fchlt sich ein wenig verarscht. <\/p>\n<p align=\"center\"><img decoding=\"async\" src=\"http:\/\/www.andreas-edler.de\/grafik\/blog\/20060823_werre_3.jpg\"><\/p>\n<p> Und nun mal eine kleine Milchm\u00e4dchenrechnung: <\/p>\n<ul>\n<li>Unzufriedene B\u00fcrger, Absenkung der Werre, Nichtreperatur des Wehrs, kein Platz f\u00fcr Kanuten, kein Platz f\u00fcr Angler, Renaturisierungsma\u00dfnahmen des Flu\u00dfbettes der Werre<br \/>Kosten laut Presse: <b>10 Millionen<\/b>, davon Zusch\u00fcsse 9 Millionen, bleiben f\u00fcr Bad Oeynhausen <b>1 Million<\/b><\/li>\n<li>Zufriedene B\u00fcrger, Kanuten und Angler zufrieden, Instandsetzung des Wehrs, h\u00fcbscher Anblick eines nat\u00fcrlichen Werreufers<br \/>Kosten laut Presse: <b>1 Million<\/b> von Bad Oeynhausen zu bezahlen.<\/li>\n<\/ul>\n<p>Da frage ich mich doch, was man noch gro\u00df \u00fcberlegen mu\u00df? Ich behaupte aber jetzt schon mal, dass die Oeynhausener F\u00fchrung den ersten Weg w\u00e4hlt &#8230; <\/p>\n<p align=\"center\"><img decoding=\"async\" src=\"http:\/\/www.andreas-edler.de\/grafik\/blog\/20060823_werre_4.jpg\"><\/p>\n<p><strong>[<em>Update 01.11.2013<\/em>]<\/strong> Wie schon im oben verlinkten Artikel erw\u00e4hnt, hat sich meine Meinung zu dem Thema in den letzten sieben Jahren grundlegend ge\u00e4ndert. Sieben Jahre &#8230; soviel \u00fcbrigens zum Zeitrahmen, den solche Entscheidungen brauchen. Und wir sind damit ja noch nicht einmal durch. Auch die oben dargestellten Kosten sind genauer beziffert worden und deutlich niedrieger. Sowohl die Gesamtkosten, als auch der Bad Oeynhausener Anteil.<\/p>\n<p>Es ist immer gut, sich zu informieren. Da k\u00f6nnen sich Meinungen auch schon mal \u00e4ndern! Und das ist gut so!<\/p>\n","protected":false},"excerpt":{"rendered":"<p>Ich bin eben mal wieder an der Werre lang gefahren und habe am Wehr geschaut, wie sich alles nach ein paar Tagen darstellt. Nun, es ist keine Besserung zu verzeichnen. Immer noch trostlos, wie sich da in Werste die Werre &hellip;<\/p>\n<p class=\"read-more\"> <a class=\"more-link\" href=\"https:\/\/www.andreas-edler.de\/blog\/2006\/08\/werre-wehr-kosten\/\"> <span class=\"screen-reader-text\">Werre-Wehr Kosten<\/span> Weiterlesen &raquo;<\/a><\/p>\n","protected":false},"author":1,"featured_media":0,"comment_status":"open","ping_status":"open","sticky":false,"template":"","format":"standard","meta":{"ngg_post_thumbnail":0,"activitypub_content_warning":"","activitypub_content_visibility":"","activitypub_max_image_attachments":2,"activitypub_interaction_policy_quote":"anyone","activitypub_status":"","footnotes":""},"categories":[14,45],"tags":[75,115,125,72],"class_list":["post-5134","post","type-post","status-publish","format-standard","hentry","category-bad-oeynhausen","category-politik","tag-grun","tag-regenerative-energie","tag-sielwehr","tag-verwaltung"],"share_on_mastodon":{"url":"","error":""},"_links":{"self":[{"href":"https:\/\/www.andreas-edler.de\/blog\/wp-json\/wp\/v2\/posts\/5134","targetHints":{"allow":["GET"]}}],"collection":[{"href":"https:\/\/www.andreas-edler.de\/blog\/wp-json\/wp\/v2\/posts"}],"about":[{"href":"https:\/\/www.andreas-edler.de\/blog\/wp-json\/wp\/v2\/types\/post"}],"author":[{"embeddable":true,"href":"https:\/\/www.andreas-edler.de\/blog\/wp-json\/wp\/v2\/users\/1"}],"replies":[{"embeddable":true,"href":"https:\/\/www.andreas-edler.de\/blog\/wp-json\/wp\/v2\/comments?post=5134"}],"version-history":[{"count":0,"href":"https:\/\/www.andreas-edler.de\/blog\/wp-json\/wp\/v2\/posts\/5134\/revisions"}],"wp:attachment":[{"href":"https:\/\/www.andreas-edler.de\/blog\/wp-json\/wp\/v2\/media?parent=5134"}],"wp:term":[{"taxonomy":"category","embeddable":true,"href":"https:\/\/www.andreas-edler.de\/blog\/wp-json\/wp\/v2\/categories?post=5134"},{"taxonomy":"post_tag","embeddable":true,"href":"https:\/\/www.andreas-edler.de\/blog\/wp-json\/wp\/v2\/tags?post=5134"}],"curies":[{"name":"wp","href":"https:\/\/api.w.org\/{rel}","templated":true}]}}