{"id":51054,"date":"2014-03-19T20:00:23","date_gmt":"2014-03-19T19:00:23","guid":{"rendered":"http:\/\/www.andreas-edler.de\/blog\/?p=51054"},"modified":"2019-06-16T09:47:02","modified_gmt":"2019-06-16T07:47:02","slug":"radwegbenutzungspflicht-an-weserstrasse-aufgehoben","status":"publish","type":"post","link":"https:\/\/www.andreas-edler.de\/blog\/2014\/03\/radwegbenutzungspflicht-an-weserstrasse-aufgehoben\/","title":{"rendered":"Radwegbenutzungspflicht an Weserstra\u00dfe aufgehoben"},"content":{"rendered":"<p>Ich habe das Grinsen kaum aus dem Gesicht bekommen, als ich eben an der Stelle entlang fuhr. Hier hatte man schlicht vergessen, die Benutzungspflicht zu entfernen und <a href=\"http:\/\/www.andreas-edler.de\/blog\/2013\/09\/einstellung-zum-radverkehr-und-ueberzaehlige-schilder-an-der-weserstrasse\/\">im Verlauf der Weserstra\u00dfe standen versprengt und ohne Konzept noch ein paar Zeichen 240 und 241 am Wegesrand.<\/a> Ich habe <a href=\"http:\/\/www.andreas-edler.de\/blog\/2012\/03\/neue-radwegbenutzungspflicht-an-der-weserstrasse\/\">\u00fcber die Ecke schon h\u00e4ufiger geschrieben<\/a>. Zuletzt haben wir vom VCD und ADFC im Rahmen einer Befahrung die Verwaltung auf diesen Missstand hingewiesen. Das ist sicher schon ein halbes Jahr her. <\/p>\n<p style=\"text-align:center;font-size: smaller;\"><img decoding=\"async\" src=\"http:\/\/www.andreas-edler.de\/grafik\/blog_2014\/20140319_weserstrasse_keine_radwegbenutzungspflicht.jpg\" width=\"470\" border=\"0\" alt=\"\" title=\"\"><\/p>\n<p><!--more--> Und eben gerade: Gehweg &#8211; Radfahrer frei. Sehr sch\u00f6n! Endlich. Ist mir letzte Woche noch nicht aufgefallen. Passend zum Fr\u00fchling wieder ein weiterer Schritt zur Fahrradfreundlichkeit, endlich kann man dort ohne schlechtes Gewissen auf der Fahrbahn fahren. Die komplette Weserstra\u00dfe von der Vlothoer- bis zur Detmolder Stra\u00dfe ist nun in beide Richtungen benutzungspflich-frei! Steter Tropfen h\u00f6hlt den Stein.<\/p>\n<p>Was ich leider wieder vermisse, ist die Berichterstattung dazu. Allerdings muss ich gestehen, dass ich in den letzten Wochen die Lokalzeitungen nur diagonal gelesen habe. Stand von der \u00c4nderung etwas in der Neuen-Westf\u00e4lischen oder dem Westfalen-Blatt? Heute konnten jedenfalls noch nicht alle Autofahrer mit Fahrradfahrern auf der Fahrbahn umgehen ;-)<\/p>\n","protected":false},"excerpt":{"rendered":"<p>Ich habe das Grinsen kaum aus dem Gesicht bekommen, als ich eben an der Stelle entlang fuhr. Hier hatte man schlicht vergessen, die Benutzungspflicht zu entfernen und im Verlauf der Weserstra\u00dfe standen versprengt und ohne Konzept noch ein paar Zeichen &hellip;<\/p>\n<p class=\"read-more\"> <a class=\"more-link\" href=\"https:\/\/www.andreas-edler.de\/blog\/2014\/03\/radwegbenutzungspflicht-an-weserstrasse-aufgehoben\/\"> <span class=\"screen-reader-text\">Radwegbenutzungspflicht an Weserstra\u00dfe aufgehoben<\/span> Weiterlesen &raquo;<\/a><\/p>\n","protected":false},"author":1,"featured_media":0,"comment_status":"open","ping_status":"open","sticky":false,"template":"","format":"standard","meta":{"ngg_post_thumbnail":0,"activitypub_content_warning":"","activitypub_content_visibility":"","activitypub_max_image_attachments":2,"activitypub_interaction_policy_quote":"anyone","activitypub_status":"","footnotes":""},"categories":[14,15,13],"tags":[109,110,32,71,76,72,336],"class_list":["post-51054","post","type-post","status-publish","format-standard","hentry","category-bad-oeynhausen","category-fahrrad","category-verkehr","tag-adfc","tag-fahrradfreundliche-stadt","tag-gewinner","tag-regeln","tag-sicherheit","tag-verwaltung","tag-weserstrasse"],"share_on_mastodon":{"url":"","error":""},"_links":{"self":[{"href":"https:\/\/www.andreas-edler.de\/blog\/wp-json\/wp\/v2\/posts\/51054","targetHints":{"allow":["GET"]}}],"collection":[{"href":"https:\/\/www.andreas-edler.de\/blog\/wp-json\/wp\/v2\/posts"}],"about":[{"href":"https:\/\/www.andreas-edler.de\/blog\/wp-json\/wp\/v2\/types\/post"}],"author":[{"embeddable":true,"href":"https:\/\/www.andreas-edler.de\/blog\/wp-json\/wp\/v2\/users\/1"}],"replies":[{"embeddable":true,"href":"https:\/\/www.andreas-edler.de\/blog\/wp-json\/wp\/v2\/comments?post=51054"}],"version-history":[{"count":0,"href":"https:\/\/www.andreas-edler.de\/blog\/wp-json\/wp\/v2\/posts\/51054\/revisions"}],"wp:attachment":[{"href":"https:\/\/www.andreas-edler.de\/blog\/wp-json\/wp\/v2\/media?parent=51054"}],"wp:term":[{"taxonomy":"category","embeddable":true,"href":"https:\/\/www.andreas-edler.de\/blog\/wp-json\/wp\/v2\/categories?post=51054"},{"taxonomy":"post_tag","embeddable":true,"href":"https:\/\/www.andreas-edler.de\/blog\/wp-json\/wp\/v2\/tags?post=51054"}],"curies":[{"name":"wp","href":"https:\/\/api.w.org\/{rel}","templated":true}]}}