{"id":51007,"date":"2014-03-19T19:36:59","date_gmt":"2014-03-19T18:36:59","guid":{"rendered":"http:\/\/www.andreas-edler.de\/blog\/?p=51007"},"modified":"2014-03-19T21:59:53","modified_gmt":"2014-03-19T20:59:53","slug":"feierabendrunde-70","status":"publish","type":"post","link":"https:\/\/www.andreas-edler.de\/blog\/2014\/03\/feierabendrunde-70\/","title":{"rendered":"Feierabendrunde"},"content":{"rendered":"<div class=\"bild\" style=\"font-size: smaller;\"><img decoding=\"async\" src=\"http:\/\/www.andreas-edler.de\/grafik\/blog_2014\/20140319_nacktes_bein.jpg\" alt=\"\" title=\"\" width=\"150\" border=\"0\"><\/div>\n<p> Morgen muss ich lange im B\u00fcro bleiben &#8211; ein Kollege k\u00fcndigte an, fr\u00fcher gehen zu wollen. Und das bei dem Bombenwetter, welches vorhergesagt ist. Heute nachmittag sah&#8217;s aber auch schon ganz fluffig aus und ich bin eine halbe Stunde fr\u00fcher gegangen &#8211; Gleitzeit sei Dank!<\/p>\n<p>Musste auf&#8217;s Rad. Durch Eidinghausen, Dehme, an der Weser lang, zur Weserstra\u00dfe, die Detmolder hoch zur Lohe und von dort die Triftenstra\u00dfe runter, zur Steinstra\u00dfe und nach Hause. Zwischendurch noch bei meiner Tante einen Schnack gehalten. Alles sehr entspannt.<!--more--><\/p>\n<p>Bis auf die Autofahrer auf der f\u00fcr den Durchgangsverkehr gesperrten Detmolder (h\u00fcstel, ja ich bin da auch hoch &#8230; wollte aber zur G\u00f6rlitzer Stra\u00dfe, also Anlieger ;-) An die Sperrung h\u00e4lt sich kein Mensch. Und weil der Asphalt nicht immer mittig gefr\u00e4st ist, schonen die Autofahrer ihre Reifen, fahren nicht \u00fcber die Kante und \u00fcberholen in der Folge die Radfahrer mit Ellenbogenabstand um direkt vor ihnen zu bremsen, da es Dank Gegenverkehr nicht weiter geht. Bescheuert sowas &#8230; aber die Radfahrer sind ja diejenigen, welche f\u00fcr die Gef\u00e4hrdungen sorgen. Meine Fresse!<\/p>\n<p>22,7 Km | 19,6 Km\/h Schnitt | 45,8 Km\/h max. | 192 H\u00f6henmeter<\/p>\n<p style=\"text-align:center;font-size: smaller;\"><iframe width='465' height='548' frameborder='0' src='http:\/\/connect.garmin.com:80\/activity\/embed\/463965476'><\/iframe><\/p>\n","protected":false},"excerpt":{"rendered":"<p>Morgen muss ich lange im B\u00fcro bleiben &#8211; ein Kollege k\u00fcndigte an, fr\u00fcher gehen zu wollen. Und das bei dem Bombenwetter, welches vorhergesagt ist. Heute nachmittag sah&#8217;s aber auch schon ganz fluffig aus und ich bin eine halbe Stunde fr\u00fcher &hellip;<\/p>\n<p class=\"read-more\"> <a class=\"more-link\" href=\"https:\/\/www.andreas-edler.de\/blog\/2014\/03\/feierabendrunde-70\/\"> <span class=\"screen-reader-text\">Feierabendrunde<\/span> Weiterlesen &raquo;<\/a><\/p>\n","protected":false},"author":1,"featured_media":0,"comment_status":"open","ping_status":"open","sticky":false,"template":"","format":"standard","meta":{"ngg_post_thumbnail":0,"activitypub_content_warning":"","activitypub_content_visibility":"","activitypub_max_image_attachments":2,"activitypub_interaction_policy_quote":"anyone","activitypub_status":"","footnotes":""},"categories":[14,15],"tags":[],"class_list":["post-51007","post","type-post","status-publish","format-standard","hentry","category-bad-oeynhausen","category-fahrrad"],"share_on_mastodon":{"url":"","error":""},"_links":{"self":[{"href":"https:\/\/www.andreas-edler.de\/blog\/wp-json\/wp\/v2\/posts\/51007","targetHints":{"allow":["GET"]}}],"collection":[{"href":"https:\/\/www.andreas-edler.de\/blog\/wp-json\/wp\/v2\/posts"}],"about":[{"href":"https:\/\/www.andreas-edler.de\/blog\/wp-json\/wp\/v2\/types\/post"}],"author":[{"embeddable":true,"href":"https:\/\/www.andreas-edler.de\/blog\/wp-json\/wp\/v2\/users\/1"}],"replies":[{"embeddable":true,"href":"https:\/\/www.andreas-edler.de\/blog\/wp-json\/wp\/v2\/comments?post=51007"}],"version-history":[{"count":0,"href":"https:\/\/www.andreas-edler.de\/blog\/wp-json\/wp\/v2\/posts\/51007\/revisions"}],"wp:attachment":[{"href":"https:\/\/www.andreas-edler.de\/blog\/wp-json\/wp\/v2\/media?parent=51007"}],"wp:term":[{"taxonomy":"category","embeddable":true,"href":"https:\/\/www.andreas-edler.de\/blog\/wp-json\/wp\/v2\/categories?post=51007"},{"taxonomy":"post_tag","embeddable":true,"href":"https:\/\/www.andreas-edler.de\/blog\/wp-json\/wp\/v2\/tags?post=51007"}],"curies":[{"name":"wp","href":"https:\/\/api.w.org\/{rel}","templated":true}]}}